{"id":168277,"date":"2020-05-08T13:40:17","date_gmt":"2020-05-08T16:40:17","guid":{"rendered":"https:\/\/www.caririemacao.com\/1\/?p=168277"},"modified":"2020-05-08T13:40:17","modified_gmt":"2020-05-08T16:40:17","slug":"tse-avalia-realizar-as-eleicoes-deste-ano-em-quatro-dias","status":"publish","type":"post","link":"https:\/\/www.caririemacao.com\/1\/2020\/05\/08\/tse-avalia-realizar-as-eleicoes-deste-ano-em-quatro-dias\/","title":{"rendered":"TSE avalia realizar as elei\u00e7\u00f5es deste ano em quatro dias"},"content":{"rendered":"\n<h1 class=\"wp-block-heading\"><\/h1>\n\n\n\n<p>O Tribunal Superior Eleitoral come\u00e7a a formular algumas alternativas para evitar a aglomera\u00e7\u00e3o de eleitores nas filas rumo \u00e0s urnas no dia do pleito.<\/p>\n\n\n\n<p>Duas op\u00e7\u00f5es cogitadas: realizar as elei\u00e7\u00f5es em quatro dias \u2013 dois s\u00e1bados e domingos consecutivos; ou defini\u00e7\u00e3o de hor\u00e1rios de vota\u00e7\u00e3o de acordo com a faixa et\u00e1ria do eleitor.<\/p>\n\n\n\n<p>*com informa\u00e7\u00f5es da coluna Aparte, assinada pelo jornalista Arimat\u00e9a Souza<\/p>\n\n\n\n<p>Para ler a coluna inteira desta 5\u00aa feira, acesse aqui:<br><a href=\"https:\/\/paraibaonline.com.br\/aparte\/eleicoes-em-4-dias\/\">https:\/\/paraibaonline.com.br\/aparte\/eleicoes-em-4-dias\/<\/a><\/p>\n","protected":false},"excerpt":{"rendered":"<p>O Tribunal Superior Eleitoral come\u00e7a a formular algumas alternativas para evitar a aglomera\u00e7\u00e3o de eleitores nas filas rumo \u00e0s urnas no dia do pleito. Duas&hellip; <\/p>\n","protected":false},"author":2,"featured_media":168278,"comment_status":"closed","ping_status":"closed","sticky":false,"template":"","format":"standard","meta":{"sfsi_plus_gutenberg_text_before_share":"","sfsi_plus_gutenberg_show_text_before_share":"","sfsi_plus_gutenberg_icon_type":"","sfsi_plus_gutenberg_icon_alignemt":"","sfsi_plus_gutenburg_max_per_row":"","footnotes":""},"categories":[2],"tags":[],"class_list":["post-168277","post","type-post","status-publish","format-standard","has-post-thumbnail","hentry","category-geral"],"_links":{"self":[{"href":"https:\/\/www.caririemacao.com\/1\/wp-json\/wp\/v2\/posts\/168277","targetHints":{"allow":["GET"]}}],"collection":[{"href":"https:\/\/www.caririemacao.com\/1\/wp-json\/wp\/v2\/posts"}],"about":[{"href":"https:\/\/www.caririemacao.com\/1\/wp-json\/wp\/v2\/types\/post"}],"author":[{"embeddable":true,"href":"https:\/\/www.caririemacao.com\/1\/wp-json\/wp\/v2\/users\/2"}],"replies":[{"embeddable":true,"href":"https:\/\/www.caririemacao.com\/1\/wp-json\/wp\/v2\/comments?post=168277"}],"version-history":[{"count":1,"href":"https:\/\/www.caririemacao.com\/1\/wp-json\/wp\/v2\/posts\/168277\/revisions"}],"predecessor-version":[{"id":168279,"href":"https:\/\/www.caririemacao.com\/1\/wp-json\/wp\/v2\/posts\/168277\/revisions\/168279"}],"wp:featuredmedia":[{"embeddable":true,"href":"https:\/\/www.caririemacao.com\/1\/wp-json\/wp\/v2\/media\/168278"}],"wp:attachment":[{"href":"https:\/\/www.caririemacao.com\/1\/wp-json\/wp\/v2\/media?parent=168277"}],"wp:term":[{"taxonomy":"category","embeddable":true,"href":"https:\/\/www.caririemacao.com\/1\/wp-json\/wp\/v2\/categories?post=168277"},{"taxonomy":"post_tag","embeddable":true,"href":"https:\/\/www.caririemacao.com\/1\/wp-json\/wp\/v2\/tags?post=168277"}],"curies":[{"name":"wp","href":"https:\/\/api.w.org\/{rel}","templated":true}]}}