{"id":168281,"date":"2020-05-08T13:46:48","date_gmt":"2020-05-08T16:46:48","guid":{"rendered":"https:\/\/www.caririemacao.com\/1\/?p=168281"},"modified":"2020-05-08T13:46:48","modified_gmt":"2020-05-08T16:46:48","slug":"meteorologista-faz-balanco-positivo-sobre-chuvas-e-recarga-de-acudes-na-paraiba","status":"publish","type":"post","link":"https:\/\/www.caririemacao.com\/1\/2020\/05\/08\/meteorologista-faz-balanco-positivo-sobre-chuvas-e-recarga-de-acudes-na-paraiba\/","title":{"rendered":"Meteorologista faz balan\u00e7o positivo sobre chuvas e recarga de a\u00e7udes na Para\u00edba"},"content":{"rendered":"\n<h1 class=\"wp-block-heading\"><\/h1>\n\n\n\n<p>O meteorologista da Ag\u00eancia Executiva de Gest\u00e3o das \u00c1guas do Estado da Para\u00edba (Aesa), Alexandre Magno, teceu coment\u00e1rios, durante entrevista a uma emissora de r\u00e1dio local, sobre diversos questionamentos a respeito das perspectivas clim\u00e1ticas da Para\u00edba para este ano.<\/p>\n\n\n\n<p>De acordo com ele, 2020 pode ser considerado como de chuvas normais acima da m\u00e9dia, o que, inclusive, fez com que diversos reservat\u00f3rios de \u00e1gua pudessem ter uma boa carga de \u00e1gua, incluindo o A\u00e7ude Epit\u00e1cio Pessoa, em Boqueir\u00e3o.<\/p>\n\n\n\n<p>Ainda de acordo com o meteorologista, apesar da redu\u00e7\u00e3o gradativa dos volumes de chuva daqui pra frente, os meses anteriores foram satisfat\u00f3rios, e h\u00e1 tamb\u00e9m uma expectativa sobre o m\u00eas de junho que possivelmente ainda ocorram chuvas acima da m\u00e9dia, possibilitando ainda mais o volume de \u00e1gua em mananciais como o Rio Para\u00edba e o pr\u00f3prio a\u00e7ude de Boqueir\u00e3o, quem sabe at\u00e9 chegando a sua capacidade m\u00e1xima.<\/p>\n\n\n\n<p>\u201cAs chuvas tamb\u00e9m foram bem abundantes e praticamente acima da m\u00e9dia em toda regi\u00e3o do Sert\u00e3o e Alto Sert\u00e3o, evoluindo o total hidrogr\u00e1fico que estava em torno de 15% a m\u00e9dia, chegando hoje a 56% da capacidade total das bacias hidrogr\u00e1ficas da regi\u00e3o\u201d, pontuou.<\/p>\n\n\n\n<p>Como exemplo do aumento na capacidade hidrogr\u00e1fica do Sert\u00e3o, Alexandre afirmou ainda que os a\u00e7udes de Coremas e M\u00e3e D\u2019\u00e1gua, que estavam com 6% e 7% respectivamente, hoje est\u00e3o com 53% de sua capacidade.<\/p>\n\n\n\n<p>\u201cO a\u00e7ude de Coremas chegando a 396 milh\u00f5es de metros c\u00fabicos e M\u00e3e D\u2019\u00e1gua a 291 milh\u00f5es de metros c\u00fabicos\u201d, finalizou.<\/p>\n","protected":false},"excerpt":{"rendered":"<p>O meteorologista da Ag\u00eancia Executiva de Gest\u00e3o das \u00c1guas do Estado da Para\u00edba (Aesa), Alexandre Magno, teceu coment\u00e1rios, durante entrevista a uma emissora de r\u00e1dio&hellip; <\/p>\n","protected":false},"author":2,"featured_media":168282,"comment_status":"closed","ping_status":"closed","sticky":false,"template":"","format":"standard","meta":{"sfsi_plus_gutenberg_text_before_share":"","sfsi_plus_gutenberg_show_text_before_share":"","sfsi_plus_gutenberg_icon_type":"","sfsi_plus_gutenberg_icon_alignemt":"","sfsi_plus_gutenburg_max_per_row":"","footnotes":""},"categories":[2],"tags":[],"class_list":["post-168281","post","type-post","status-publish","format-standard","has-post-thumbnail","hentry","category-geral"],"_links":{"self":[{"href":"https:\/\/www.caririemacao.com\/1\/wp-json\/wp\/v2\/posts\/168281","targetHints":{"allow":["GET"]}}],"collection":[{"href":"https:\/\/www.caririemacao.com\/1\/wp-json\/wp\/v2\/posts"}],"about":[{"href":"https:\/\/www.caririemacao.com\/1\/wp-json\/wp\/v2\/types\/post"}],"author":[{"embeddable":true,"href":"https:\/\/www.caririemacao.com\/1\/wp-json\/wp\/v2\/users\/2"}],"replies":[{"embeddable":true,"href":"https:\/\/www.caririemacao.com\/1\/wp-json\/wp\/v2\/comments?post=168281"}],"version-history":[{"count":1,"href":"https:\/\/www.caririemacao.com\/1\/wp-json\/wp\/v2\/posts\/168281\/revisions"}],"predecessor-version":[{"id":168283,"href":"https:\/\/www.caririemacao.com\/1\/wp-json\/wp\/v2\/posts\/168281\/revisions\/168283"}],"wp:featuredmedia":[{"embeddable":true,"href":"https:\/\/www.caririemacao.com\/1\/wp-json\/wp\/v2\/media\/168282"}],"wp:attachment":[{"href":"https:\/\/www.caririemacao.com\/1\/wp-json\/wp\/v2\/media?parent=168281"}],"wp:term":[{"taxonomy":"category","embeddable":true,"href":"https:\/\/www.caririemacao.com\/1\/wp-json\/wp\/v2\/categories?post=168281"},{"taxonomy":"post_tag","embeddable":true,"href":"https:\/\/www.caririemacao.com\/1\/wp-json\/wp\/v2\/tags?post=168281"}],"curies":[{"name":"wp","href":"https:\/\/api.w.org\/{rel}","templated":true}]}}