{"id":168300,"date":"2020-05-08T14:06:26","date_gmt":"2020-05-08T17:06:26","guid":{"rendered":"https:\/\/www.caririemacao.com\/1\/?p=168300"},"modified":"2020-05-08T14:06:26","modified_gmt":"2020-05-08T17:06:26","slug":"bolsonaro-quase-demite-ministro-porque-ele-queria-dar-uma-de-gostoso","status":"publish","type":"post","link":"https:\/\/www.caririemacao.com\/1\/2020\/05\/08\/bolsonaro-quase-demite-ministro-porque-ele-queria-dar-uma-de-gostoso\/","title":{"rendered":"Bolsonaro quase demite ministro porque ele queria \u201cdar uma de gostoso\u201d"},"content":{"rendered":"\n<h1 class=\"wp-block-heading\"><\/h1>\n\n\n\n<p>O presidente Jair Bolsonaro amea\u00e7ou demitir Abraham Weintraub do Minist\u00e9rio da Educa\u00e7\u00e3o, depois de ler a not\u00edcia de que o ministro vetaria um nome indicado pelo PP, partido do Centr\u00e3o, para a presid\u00eancia do FNDE (Fundo Nacional de Desenvolvimento da Educa\u00e7\u00e3o).<\/p>\n\n\n\n<p>O presidente acusou o pr\u00f3prio Weintraub de ter passado a not\u00edcia para \u201cdar uma de gostoso\u201d, conforme o site O Antagonista.<\/p>\n\n\n\n<p>Coube ao irm\u00e3o do ministro, Arthur Weintraub, assessor da Presid\u00eancia, agir para apagar o inc\u00eandio.<\/p>\n","protected":false},"excerpt":{"rendered":"<p>O presidente Jair Bolsonaro amea\u00e7ou demitir Abraham Weintraub do Minist\u00e9rio da Educa\u00e7\u00e3o, depois de ler a not\u00edcia de que o ministro vetaria um nome indicado&hellip; <\/p>\n","protected":false},"author":2,"featured_media":168301,"comment_status":"closed","ping_status":"closed","sticky":false,"template":"","format":"standard","meta":{"sfsi_plus_gutenberg_text_before_share":"","sfsi_plus_gutenberg_show_text_before_share":"","sfsi_plus_gutenberg_icon_type":"","sfsi_plus_gutenberg_icon_alignemt":"","sfsi_plus_gutenburg_max_per_row":"","footnotes":""},"categories":[11],"tags":[],"class_list":["post-168300","post","type-post","status-publish","format-standard","has-post-thumbnail","hentry","category-politica"],"_links":{"self":[{"href":"https:\/\/www.caririemacao.com\/1\/wp-json\/wp\/v2\/posts\/168300","targetHints":{"allow":["GET"]}}],"collection":[{"href":"https:\/\/www.caririemacao.com\/1\/wp-json\/wp\/v2\/posts"}],"about":[{"href":"https:\/\/www.caririemacao.com\/1\/wp-json\/wp\/v2\/types\/post"}],"author":[{"embeddable":true,"href":"https:\/\/www.caririemacao.com\/1\/wp-json\/wp\/v2\/users\/2"}],"replies":[{"embeddable":true,"href":"https:\/\/www.caririemacao.com\/1\/wp-json\/wp\/v2\/comments?post=168300"}],"version-history":[{"count":1,"href":"https:\/\/www.caririemacao.com\/1\/wp-json\/wp\/v2\/posts\/168300\/revisions"}],"predecessor-version":[{"id":168302,"href":"https:\/\/www.caririemacao.com\/1\/wp-json\/wp\/v2\/posts\/168300\/revisions\/168302"}],"wp:featuredmedia":[{"embeddable":true,"href":"https:\/\/www.caririemacao.com\/1\/wp-json\/wp\/v2\/media\/168301"}],"wp:attachment":[{"href":"https:\/\/www.caririemacao.com\/1\/wp-json\/wp\/v2\/media?parent=168300"}],"wp:term":[{"taxonomy":"category","embeddable":true,"href":"https:\/\/www.caririemacao.com\/1\/wp-json\/wp\/v2\/categories?post=168300"},{"taxonomy":"post_tag","embeddable":true,"href":"https:\/\/www.caririemacao.com\/1\/wp-json\/wp\/v2\/tags?post=168300"}],"curies":[{"name":"wp","href":"https:\/\/api.w.org\/{rel}","templated":true}]}}