{"id":168304,"date":"2020-05-08T14:09:14","date_gmt":"2020-05-08T17:09:14","guid":{"rendered":"https:\/\/www.caririemacao.com\/1\/?p=168304"},"modified":"2020-05-08T14:09:14","modified_gmt":"2020-05-08T17:09:14","slug":"em-meio-a-pandemia-bolsonaro-anuncia-churrasco-no-palacio-para-este-sabado","status":"publish","type":"post","link":"https:\/\/www.caririemacao.com\/1\/2020\/05\/08\/em-meio-a-pandemia-bolsonaro-anuncia-churrasco-no-palacio-para-este-sabado\/","title":{"rendered":"Em meio \u00e0 pandemia, Bolsonaro anuncia churrasco no pal\u00e1cio para este s\u00e1bado"},"content":{"rendered":"\n<h1 class=\"wp-block-heading\"><\/h1>\n\n\n\n<p>Ao retornar ao Pal\u00e1cio da Alvorada, nesta quinta-feira \u00e0 noite, o presidente Jair Bolsonaro disse a rep\u00f3rteres que planeja fazer um churrasco no pal\u00e1cio neste s\u00e1bado, informa o jornal O Globo.<\/p>\n\n\n\n<p>\u201cEstou cometendo um crime\u201d, ironizou o presidente, em refer\u00eancia \u00e0 orienta\u00e7\u00e3o para evitar aglomera\u00e7\u00f5es emitida pela OMS (Organiza\u00e7\u00e3o Mundial de Sa\u00fade) e pelo seu pr\u00f3prio Minist\u00e9rio da Sa\u00fade.<\/p>\n\n\n\n<p>\u201cVou fazer um churrasco no s\u00e1bado aqui em casa. Vamos bater um papo, quem sabe uma \u2018peladinha\u2019, alguns ministros, alguns servidores mais humildes que est\u00e3o do meu lado\u201d, acrescentou o presidente.<\/p>\n\n\n\n<p>Bolsonaro afirmou ainda que o evento deve reunir 30 convidados e que ser\u00e1 feita uma \u201cvaquinha de R$ 70\u201d para custear o churrasco.<\/p>\n\n\n\n<p>\u201cN\u00e3o vai ter bebida alco\u00f3lica, sen\u00e3o a primeira-dama coloca todo mundo para correr\u201d, finalizou.<\/p>\n\n\n\n<p>*com informa\u00e7\u00f5es de oglobo<\/p>\n","protected":false},"excerpt":{"rendered":"<p>Ao retornar ao Pal\u00e1cio da Alvorada, nesta quinta-feira \u00e0 noite, o presidente Jair Bolsonaro disse a rep\u00f3rteres que planeja fazer um churrasco no pal\u00e1cio neste&hellip; <\/p>\n","protected":false},"author":2,"featured_media":168305,"comment_status":"closed","ping_status":"closed","sticky":false,"template":"","format":"standard","meta":{"sfsi_plus_gutenberg_text_before_share":"","sfsi_plus_gutenberg_show_text_before_share":"","sfsi_plus_gutenberg_icon_type":"","sfsi_plus_gutenberg_icon_alignemt":"","sfsi_plus_gutenburg_max_per_row":"","footnotes":""},"categories":[2],"tags":[],"class_list":["post-168304","post","type-post","status-publish","format-standard","has-post-thumbnail","hentry","category-geral"],"_links":{"self":[{"href":"https:\/\/www.caririemacao.com\/1\/wp-json\/wp\/v2\/posts\/168304","targetHints":{"allow":["GET"]}}],"collection":[{"href":"https:\/\/www.caririemacao.com\/1\/wp-json\/wp\/v2\/posts"}],"about":[{"href":"https:\/\/www.caririemacao.com\/1\/wp-json\/wp\/v2\/types\/post"}],"author":[{"embeddable":true,"href":"https:\/\/www.caririemacao.com\/1\/wp-json\/wp\/v2\/users\/2"}],"replies":[{"embeddable":true,"href":"https:\/\/www.caririemacao.com\/1\/wp-json\/wp\/v2\/comments?post=168304"}],"version-history":[{"count":1,"href":"https:\/\/www.caririemacao.com\/1\/wp-json\/wp\/v2\/posts\/168304\/revisions"}],"predecessor-version":[{"id":168306,"href":"https:\/\/www.caririemacao.com\/1\/wp-json\/wp\/v2\/posts\/168304\/revisions\/168306"}],"wp:featuredmedia":[{"embeddable":true,"href":"https:\/\/www.caririemacao.com\/1\/wp-json\/wp\/v2\/media\/168305"}],"wp:attachment":[{"href":"https:\/\/www.caririemacao.com\/1\/wp-json\/wp\/v2\/media?parent=168304"}],"wp:term":[{"taxonomy":"category","embeddable":true,"href":"https:\/\/www.caririemacao.com\/1\/wp-json\/wp\/v2\/categories?post=168304"},{"taxonomy":"post_tag","embeddable":true,"href":"https:\/\/www.caririemacao.com\/1\/wp-json\/wp\/v2\/tags?post=168304"}],"curies":[{"name":"wp","href":"https:\/\/api.w.org\/{rel}","templated":true}]}}