{"id":168308,"date":"2020-05-08T14:18:43","date_gmt":"2020-05-08T17:18:43","guid":{"rendered":"https:\/\/www.caririemacao.com\/1\/?p=168308"},"modified":"2020-05-08T14:18:43","modified_gmt":"2020-05-08T17:18:43","slug":"secretario-de-saude-da-paraiba-faz-apelo-para-que-medicos-atendam-as-chamadas-publicas-do-estado","status":"publish","type":"post","link":"https:\/\/www.caririemacao.com\/1\/2020\/05\/08\/secretario-de-saude-da-paraiba-faz-apelo-para-que-medicos-atendam-as-chamadas-publicas-do-estado\/","title":{"rendered":"Secret\u00e1rio de Sa\u00fade da Para\u00edba faz apelo para que m\u00e9dicos atendam \u00e0s chamadas p\u00fablicas do Estado"},"content":{"rendered":"\n<h1 class=\"wp-block-heading\"><\/h1>\n\n\n\n<p>O secret\u00e1rio de Sa\u00fade da Para\u00edba, Geraldo Medeiros, falou durante live nessa quinta-feira (7), sobre a dificuldade de contratar mais m\u00e9dicos para o enfrentamento \u00e0 covid-19 e apelou aos profissionais que atendam \u00e0s chamadas p\u00fablicas do Estado.<\/p>\n\n\n\n<p>&#8221;Infelizmente a classe m\u00e9dica da Grande Jo\u00e3o Pessoa est\u00e1 sendo omissa num momento como esse&#8221;, disse o secret\u00e1rio. Ele contou que tem sido uma dificuldade enorme montar escalas de plant\u00e3o e que muitos m\u00e9dicos aceitam colocar o nome na escala, mas apenas um ou dois dias antes do plant\u00e3o avisam que n\u00e3o v\u00e3o comparecer. &#8221;Isso n\u00e3o pode acontecer&#8221;.<\/p>\n\n\n\n<p>O secret\u00e1rio fez um apelo aos m\u00e9dicos jovens, que n\u00e3o sejam de grupos de risco, de qualquer especialidade, que se inscrevam para participar, pois mesmo os que n\u00e3o s\u00e3o intensivistas podem receber treinamento.<\/p>\n","protected":false},"excerpt":{"rendered":"<p>O secret\u00e1rio de Sa\u00fade da Para\u00edba, Geraldo Medeiros, falou durante live nessa quinta-feira (7), sobre a dificuldade de contratar mais m\u00e9dicos para o enfrentamento \u00e0&hellip; <\/p>\n","protected":false},"author":2,"featured_media":168309,"comment_status":"closed","ping_status":"closed","sticky":false,"template":"","format":"standard","meta":{"sfsi_plus_gutenberg_text_before_share":"","sfsi_plus_gutenberg_show_text_before_share":"","sfsi_plus_gutenberg_icon_type":"","sfsi_plus_gutenberg_icon_alignemt":"","sfsi_plus_gutenburg_max_per_row":"","footnotes":""},"categories":[2],"tags":[],"class_list":["post-168308","post","type-post","status-publish","format-standard","has-post-thumbnail","hentry","category-geral"],"_links":{"self":[{"href":"https:\/\/www.caririemacao.com\/1\/wp-json\/wp\/v2\/posts\/168308","targetHints":{"allow":["GET"]}}],"collection":[{"href":"https:\/\/www.caririemacao.com\/1\/wp-json\/wp\/v2\/posts"}],"about":[{"href":"https:\/\/www.caririemacao.com\/1\/wp-json\/wp\/v2\/types\/post"}],"author":[{"embeddable":true,"href":"https:\/\/www.caririemacao.com\/1\/wp-json\/wp\/v2\/users\/2"}],"replies":[{"embeddable":true,"href":"https:\/\/www.caririemacao.com\/1\/wp-json\/wp\/v2\/comments?post=168308"}],"version-history":[{"count":1,"href":"https:\/\/www.caririemacao.com\/1\/wp-json\/wp\/v2\/posts\/168308\/revisions"}],"predecessor-version":[{"id":168310,"href":"https:\/\/www.caririemacao.com\/1\/wp-json\/wp\/v2\/posts\/168308\/revisions\/168310"}],"wp:featuredmedia":[{"embeddable":true,"href":"https:\/\/www.caririemacao.com\/1\/wp-json\/wp\/v2\/media\/168309"}],"wp:attachment":[{"href":"https:\/\/www.caririemacao.com\/1\/wp-json\/wp\/v2\/media?parent=168308"}],"wp:term":[{"taxonomy":"category","embeddable":true,"href":"https:\/\/www.caririemacao.com\/1\/wp-json\/wp\/v2\/categories?post=168308"},{"taxonomy":"post_tag","embeddable":true,"href":"https:\/\/www.caririemacao.com\/1\/wp-json\/wp\/v2\/tags?post=168308"}],"curies":[{"name":"wp","href":"https:\/\/api.w.org\/{rel}","templated":true}]}}