{"id":168331,"date":"2020-05-08T15:10:18","date_gmt":"2020-05-08T18:10:18","guid":{"rendered":"https:\/\/www.caririemacao.com\/1\/?p=168331"},"modified":"2020-05-08T15:10:18","modified_gmt":"2020-05-08T18:10:18","slug":"devido-a-pandemia-atendimento-psicologico-em-amparo-esta-sendo-realizado-atraves-de-aplicativos-moveis","status":"publish","type":"post","link":"https:\/\/www.caririemacao.com\/1\/2020\/05\/08\/devido-a-pandemia-atendimento-psicologico-em-amparo-esta-sendo-realizado-atraves-de-aplicativos-moveis\/","title":{"rendered":"Devido \u00e0 pandemia, atendimento Psicol\u00f3gico em Amparo est\u00e1 sendo realizado atrav\u00e9s de aplicativos m\u00f3veis"},"content":{"rendered":"\n<h1 class=\"wp-block-heading\"><\/h1>\n\n\n\n<p>Em decorr\u00eancia da pandemia do Covid-19, o Servi\u00e7o de Sa\u00fade Mental, atendimento psicol\u00f3gico do munic\u00edpio de Amparo est\u00e1 sendo realizado remotamente por meio de aplicativos m\u00f3veis (Atendimento Psicol\u00f3gico Online).<br>Para agendar o seu hor\u00e1rio entre em contato atrav\u00e9s do WhatsApp&nbsp;<strong>(87) 9.8832-3613.<\/strong><\/p>\n","protected":false},"excerpt":{"rendered":"<p>Em decorr\u00eancia da pandemia do Covid-19, o Servi\u00e7o de Sa\u00fade Mental, atendimento psicol\u00f3gico do munic\u00edpio de Amparo est\u00e1 sendo realizado remotamente por meio de aplicativos&hellip; <\/p>\n","protected":false},"author":2,"featured_media":168332,"comment_status":"closed","ping_status":"closed","sticky":false,"template":"","format":"standard","meta":{"sfsi_plus_gutenberg_text_before_share":"","sfsi_plus_gutenberg_show_text_before_share":"","sfsi_plus_gutenberg_icon_type":"","sfsi_plus_gutenberg_icon_alignemt":"","sfsi_plus_gutenburg_max_per_row":"","footnotes":""},"categories":[2],"tags":[],"class_list":["post-168331","post","type-post","status-publish","format-standard","has-post-thumbnail","hentry","category-geral"],"_links":{"self":[{"href":"https:\/\/www.caririemacao.com\/1\/wp-json\/wp\/v2\/posts\/168331","targetHints":{"allow":["GET"]}}],"collection":[{"href":"https:\/\/www.caririemacao.com\/1\/wp-json\/wp\/v2\/posts"}],"about":[{"href":"https:\/\/www.caririemacao.com\/1\/wp-json\/wp\/v2\/types\/post"}],"author":[{"embeddable":true,"href":"https:\/\/www.caririemacao.com\/1\/wp-json\/wp\/v2\/users\/2"}],"replies":[{"embeddable":true,"href":"https:\/\/www.caririemacao.com\/1\/wp-json\/wp\/v2\/comments?post=168331"}],"version-history":[{"count":1,"href":"https:\/\/www.caririemacao.com\/1\/wp-json\/wp\/v2\/posts\/168331\/revisions"}],"predecessor-version":[{"id":168333,"href":"https:\/\/www.caririemacao.com\/1\/wp-json\/wp\/v2\/posts\/168331\/revisions\/168333"}],"wp:featuredmedia":[{"embeddable":true,"href":"https:\/\/www.caririemacao.com\/1\/wp-json\/wp\/v2\/media\/168332"}],"wp:attachment":[{"href":"https:\/\/www.caririemacao.com\/1\/wp-json\/wp\/v2\/media?parent=168331"}],"wp:term":[{"taxonomy":"category","embeddable":true,"href":"https:\/\/www.caririemacao.com\/1\/wp-json\/wp\/v2\/categories?post=168331"},{"taxonomy":"post_tag","embeddable":true,"href":"https:\/\/www.caririemacao.com\/1\/wp-json\/wp\/v2\/tags?post=168331"}],"curies":[{"name":"wp","href":"https:\/\/api.w.org\/{rel}","templated":true}]}}