{"id":168336,"date":"2020-05-09T01:03:45","date_gmt":"2020-05-09T04:03:45","guid":{"rendered":"https:\/\/www.caririemacao.com\/1\/?p=168336"},"modified":"2020-05-09T01:03:45","modified_gmt":"2020-05-09T04:03:45","slug":"casos-confirmados-de-covid-19-no-amazonas-chegam-a-10-727","status":"publish","type":"post","link":"https:\/\/www.caririemacao.com\/1\/2020\/05\/09\/casos-confirmados-de-covid-19-no-amazonas-chegam-a-10-727\/","title":{"rendered":"Casos confirmados de Covid-19 no Amazonas chegam a 10.727"},"content":{"rendered":"\n<p>O Amazonas registrou 628 novos casos de Covid-19 nesta sexta-feira (8), totalizando 10.727 casos confirmados no estado, segundo boletim epidemiol\u00f3gico divulgado pela Funda\u00e7\u00e3o de Vigil\u00e2ncia em Sa\u00fade do Amazonas (FVS-AM).<\/p>\n\n\n\n<p>Nesta edi\u00e7\u00e3o do boletim, foram confirmados mais 68 \u00f3bitos pela doen\u00e7a, elevando para 874 o total de mortes, sendo 44 nas \u00faltimas 24 horas.<ins><ins><\/ins><\/ins><img fetchpriority=\"high\" decoding=\"async\" src=\"https:\/\/d24am.com\/wp-content\/uploads\/2020\/04\/coronavirus2602209883_0-1024x613.jpg\" alt=\"\" width=\"1024\" height=\"613\" srcset=\"https:\/\/d24am.com\/wp-content\/uploads\/2020\/04\/coronavirus2602209883_0-1024x613.jpg 1024w, https:\/\/d24am.com\/wp-content\/uploads\/2020\/04\/coronavirus2602209883_0-300x179.jpg 300w, https:\/\/d24am.com\/wp-content\/uploads\/2020\/04\/coronavirus2602209883_0-768x459.jpg 768w, https:\/\/d24am.com\/wp-content\/uploads\/2020\/04\/coronavirus2602209883_0-400x240.jpg 400w, https:\/\/d24am.com\/wp-content\/uploads\/2020\/04\/coronavirus2602209883_0.jpg 1170w\"><\/p>\n\n\n\n<p>(Foto: Divulga\u00e7\u00e3o)<\/p>\n\n\n\n<p>O boletim aponta que 2.903 pessoas com diagn\u00f3stico de Covid-19 est\u00e3o em isolamento social ou domiciliar. Outras 6.494 pessoas j\u00e1 passaram pelo per\u00edodo de quarentena (14 dias) e se recuperaram da doen\u00e7a.<\/p>\n\n\n\n<p>Entre os casos confirmados de Covid-19 no Amazonas, h\u00e1 456 pacientes internados, sendo 287 em leitos cl\u00ednicos (63 na rede privada e 224 na rede p\u00fablica) e 169 em UTI (68 na rede privada e 101 na rede p\u00fablica).<\/p>\n\n\n\n<p>H\u00e1 ainda outros 855 pacientes internados considerados suspeitos e que aguardam a confirma\u00e7\u00e3o do diagn\u00f3stico. Desses, 635 est\u00e3o em leitos cl\u00ednicos (190 na rede privada e 445 na rede p\u00fablica) e 220 est\u00e3o em UTI (88 na rede privada e 132 na rede p\u00fablica).<\/p>\n\n\n\n<p><strong>Munic\u00edpios<\/strong><\/p>\n\n\n\n<p>Dos 10.727 casos confirmados no Amazonas at\u00e9 esta sexta-feira (8), 6.034 s\u00e3o de Manaus (56,25%) e 4.693 do interior do estado (43,75%).<\/p>\n\n\n\n<p>Al\u00e9m da capital, 54 munic\u00edpios j\u00e1 t\u00eam casos confirmados: Manacapuru (818); Parintins (354); Tabatinga (299); Tef\u00e9 (278); Santo Ant\u00f4nio do I\u00e7\u00e1 (245); Iranduba (210); Coari (202); Rio Preto da Eva (197); Itacoatiara (195); Mau\u00e9s (168); Careiro Castanho (158); Autazes (142); Presidente Figueiredo (141); S\u00e3o Paulo de Oliven\u00e7a (127); Carauari (121); Boca do Acre (83); Anori (78); Tonantins (76); Amatur\u00e1 (68); Benjamin Constant (64); Tapau\u00e1 (60); S\u00e3o Gabriel da Cachoeira (54); Urucar\u00e1 (53); Silves (39); Manaquiri (32); Mara\u00e3 (32); Nova Olinda do Norte (31); Fonte Boa (28); Beruri (26); Novo Air\u00e3o (26); Barreirinha (24); Careiro da V\u00e1rzea (24); Barcelos (23); Novo Aripuan\u00e3 (23); L\u00e1brea (22); Canutama (19); Borba (18); Itapiranga (18); e Urucurituba (17).<ins><ins><\/ins><\/ins><\/p>\n\n\n\n<p>O munic\u00edpio de Eirunep\u00e9 tem 12 casos. Boa Vista do Ramos e Juta\u00ed t\u00eam 11 casos cada. Manicor\u00e9 tem 10 casos. Caapiranga e S\u00e3o Sebasti\u00e3o do Uatum\u00e3 t\u00eam 8 casos cada. Anam\u00e3, Codaj\u00e1s e Santa Isabel do Rio Negro t\u00eam 7 casos cada um. Humait\u00e1 tem 6 casos. Apu\u00ed tem 5 casos. Nhamund\u00e1 tem 4 casos e Alvar\u00e3es tem 2 casos. Os munic\u00edpios com apenas um caso confirmado s\u00e3o: Atalaia do Norte e Juru\u00e1.<\/p>\n\n\n\n<p><strong>\u00d3bitos<\/strong><\/p>\n\n\n\n<p>Entre pacientes da capital, at\u00e9 o momento, h\u00e1 o registro de 604 \u00f3bitos confirmados para o novo coronav\u00edrus.<\/p>\n\n\n\n<p>Os 35 munic\u00edpios do interior com \u00f3bitos confirmados at\u00e9 o momento, totalizando 270, s\u00e3o: Manacapuru (46); Coari (27); Parintins (25); Tabatinga (22); Itacoatiara (21); Mau\u00e9s (17); Autazes (16); Tef\u00e9 (15); Iranduba (14); Presidente Figueiredo (7); Benjamin Constant (7); Santo Ant\u00f4nio do I\u00e7\u00e1 (5); Careiro Castanho (5); Tonantins (5); S\u00e3o Gabriel da Cachoeira (4); S\u00e3o Paulo de Oliven\u00e7a (3); Beruri (3); Novo Air\u00e3o (3); Barcelos (3); Rio Preto da Eva (2); Amatur\u00e1 (2); Urucar\u00e1 (2); Manaquiri (2); Novo Aripuan\u00e3 (2); Manicor\u00e9 (2); Carauari (1); Anori (1); Tapau\u00e1 (1); Silves (1); Nova Olinda do Norte (1); Barreirinha (1); Borba (1); Itapiranga (1); Codaj\u00e1s (1); e Nhamund\u00e1 (1).<\/p>\n\n\n\n<p>Outros 129 \u00f3bitos est\u00e3o em investiga\u00e7\u00e3o e 46 foram descartados para o novo coronav\u00edrus.<\/p>\n\n\n\n<p>Com Di\u00e1rio AM<\/p>\n","protected":false},"excerpt":{"rendered":"<p>O Amazonas registrou 628 novos casos de Covid-19 nesta sexta-feira (8), totalizando 10.727 casos confirmados no estado, segundo boletim epidemiol\u00f3gico divulgado pela Funda\u00e7\u00e3o de Vigil\u00e2ncia&hellip; <\/p>\n","protected":false},"author":1,"featured_media":168337,"comment_status":"closed","ping_status":"closed","sticky":false,"template":"","format":"standard","meta":{"sfsi_plus_gutenberg_text_before_share":"","sfsi_plus_gutenberg_show_text_before_share":"","sfsi_plus_gutenberg_icon_type":"","sfsi_plus_gutenberg_icon_alignemt":"","sfsi_plus_gutenburg_max_per_row":"","footnotes":""},"categories":[50],"tags":[],"class_list":["post-168336","post","type-post","status-publish","format-standard","has-post-thumbnail","hentry","category-destaque"],"_links":{"self":[{"href":"https:\/\/www.caririemacao.com\/1\/wp-json\/wp\/v2\/posts\/168336","targetHints":{"allow":["GET"]}}],"collection":[{"href":"https:\/\/www.caririemacao.com\/1\/wp-json\/wp\/v2\/posts"}],"about":[{"href":"https:\/\/www.caririemacao.com\/1\/wp-json\/wp\/v2\/types\/post"}],"author":[{"embeddable":true,"href":"https:\/\/www.caririemacao.com\/1\/wp-json\/wp\/v2\/users\/1"}],"replies":[{"embeddable":true,"href":"https:\/\/www.caririemacao.com\/1\/wp-json\/wp\/v2\/comments?post=168336"}],"version-history":[{"count":1,"href":"https:\/\/www.caririemacao.com\/1\/wp-json\/wp\/v2\/posts\/168336\/revisions"}],"predecessor-version":[{"id":168338,"href":"https:\/\/www.caririemacao.com\/1\/wp-json\/wp\/v2\/posts\/168336\/revisions\/168338"}],"wp:featuredmedia":[{"embeddable":true,"href":"https:\/\/www.caririemacao.com\/1\/wp-json\/wp\/v2\/media\/168337"}],"wp:attachment":[{"href":"https:\/\/www.caririemacao.com\/1\/wp-json\/wp\/v2\/media?parent=168336"}],"wp:term":[{"taxonomy":"category","embeddable":true,"href":"https:\/\/www.caririemacao.com\/1\/wp-json\/wp\/v2\/categories?post=168336"},{"taxonomy":"post_tag","embeddable":true,"href":"https:\/\/www.caririemacao.com\/1\/wp-json\/wp\/v2\/tags?post=168336"}],"curies":[{"name":"wp","href":"https:\/\/api.w.org\/{rel}","templated":true}]}}