{"id":168340,"date":"2020-05-09T01:17:30","date_gmt":"2020-05-09T04:17:30","guid":{"rendered":"https:\/\/www.caririemacao.com\/1\/?p=168340"},"modified":"2020-05-09T01:17:30","modified_gmt":"2020-05-09T04:17:30","slug":"fenomeno-do-radio-na-capital-elson-junior-testa-positivo-para-o-coronavirus","status":"publish","type":"post","link":"https:\/\/www.caririemacao.com\/1\/2020\/05\/09\/fenomeno-do-radio-na-capital-elson-junior-testa-positivo-para-o-coronavirus\/","title":{"rendered":"Fen\u00f4meno do r\u00e1dio na Capital, Elson J\u00fanior testa positivo para o coronav\u00edrus"},"content":{"rendered":"\n<p>O radialista Elson J\u00fanior, da r\u00e1dio 98 Correio FM de Jo\u00e3o Pessoa est\u00e1 infectado pelo Coronav\u00edrus. Em um v\u00eddeo compartilhado na quinta-feira (7) em seu Instagram, o comunicador conta que descobriu a doen\u00e7a por acaso. Ele se preparava para visitar a fam\u00edlia neste dia das m\u00e3es em Sum\u00e9, no Cariri Paraibano, quando, por precau\u00e7\u00e3o, resolveu fazer o teste e o resultado deu positivo.<\/p>\n\n\n\n<p>Apesar da infec\u00e7\u00e3o, o radialista revelou que \u00e9 assintom\u00e1tico, ou seja, n\u00e3o apresenta nenhum sintoma da doen\u00e7a e que est\u00e1 em isolamento domiciliar.<\/p>\n\n\n\n<p>Veja o depoimento do comunicador, que apresenta o programa \u201cAs M\u00fasicas da F\u00e9\u201d, e \u00e9 diretor art\u00edstico da r\u00e1dio 98 Correio FM e faz shows como cantor de m\u00fasicas religiosas:<\/p>\n\n\n\n<figure class=\"wp-block-embed-instagram wp-block-embed is-type-rich is-provider-instagram\"><div class=\"wp-block-embed__wrapper\">\n<div class=\"ep-embed-content-wraper insta-grid\"><div class=\"ose-instagram-feed ose-uid-b5102c42c8e27c2404beb5b9a5731bad ose-embedpress-responsive\" style=\"width:600px; height:550px; max-height:550px; max-width:100%; display:inline-block;\" data-embed-type=\"InstagramFeed\"><p style=\"text-align:center;height:100%;display:flex;justify-content:center;align-items:center;margin:0;flex-direction: column;\">To enable full Instagram embedding experience, please add your access token by navigating to: <b>Dashboard > EmbedPress > Settings > Sources > Instagram<\/><\/p><\/div><\/div>\n<\/div><\/figure>\n\n\n\n<p>Com Blog Bruno Lira<\/p>\n","protected":false},"excerpt":{"rendered":"<p>O radialista Elson J\u00fanior, da r\u00e1dio 98 Correio FM de Jo\u00e3o Pessoa est\u00e1 infectado pelo Coronav\u00edrus. Em um v\u00eddeo compartilhado na quinta-feira (7) em seu&hellip; <\/p>\n","protected":false},"author":1,"featured_media":168341,"comment_status":"closed","ping_status":"closed","sticky":false,"template":"","format":"standard","meta":{"sfsi_plus_gutenberg_text_before_share":"","sfsi_plus_gutenberg_show_text_before_share":"","sfsi_plus_gutenberg_icon_type":"","sfsi_plus_gutenberg_icon_alignemt":"","sfsi_plus_gutenburg_max_per_row":"","footnotes":""},"categories":[2],"tags":[],"class_list":["post-168340","post","type-post","status-publish","format-standard","has-post-thumbnail","hentry","category-geral"],"_links":{"self":[{"href":"https:\/\/www.caririemacao.com\/1\/wp-json\/wp\/v2\/posts\/168340","targetHints":{"allow":["GET"]}}],"collection":[{"href":"https:\/\/www.caririemacao.com\/1\/wp-json\/wp\/v2\/posts"}],"about":[{"href":"https:\/\/www.caririemacao.com\/1\/wp-json\/wp\/v2\/types\/post"}],"author":[{"embeddable":true,"href":"https:\/\/www.caririemacao.com\/1\/wp-json\/wp\/v2\/users\/1"}],"replies":[{"embeddable":true,"href":"https:\/\/www.caririemacao.com\/1\/wp-json\/wp\/v2\/comments?post=168340"}],"version-history":[{"count":1,"href":"https:\/\/www.caririemacao.com\/1\/wp-json\/wp\/v2\/posts\/168340\/revisions"}],"predecessor-version":[{"id":168342,"href":"https:\/\/www.caririemacao.com\/1\/wp-json\/wp\/v2\/posts\/168340\/revisions\/168342"}],"wp:featuredmedia":[{"embeddable":true,"href":"https:\/\/www.caririemacao.com\/1\/wp-json\/wp\/v2\/media\/168341"}],"wp:attachment":[{"href":"https:\/\/www.caririemacao.com\/1\/wp-json\/wp\/v2\/media?parent=168340"}],"wp:term":[{"taxonomy":"category","embeddable":true,"href":"https:\/\/www.caririemacao.com\/1\/wp-json\/wp\/v2\/categories?post=168340"},{"taxonomy":"post_tag","embeddable":true,"href":"https:\/\/www.caririemacao.com\/1\/wp-json\/wp\/v2\/tags?post=168340"}],"curies":[{"name":"wp","href":"https:\/\/api.w.org\/{rel}","templated":true}]}}