{"id":168343,"date":"2020-05-09T01:19:21","date_gmt":"2020-05-09T04:19:21","guid":{"rendered":"https:\/\/www.caririemacao.com\/1\/?p=168343"},"modified":"2020-05-09T01:19:21","modified_gmt":"2020-05-09T04:19:21","slug":"deputados-da-pb-doaram-apenas-2-dos-salarios-para-combate-ao-covid-19-e-somente-no-mes-de-abril","status":"publish","type":"post","link":"https:\/\/www.caririemacao.com\/1\/2020\/05\/09\/deputados-da-pb-doaram-apenas-2-dos-salarios-para-combate-ao-covid-19-e-somente-no-mes-de-abril\/","title":{"rendered":"Deputados da PB doaram apenas 2% dos sal\u00e1rios para combate ao Covid-19 e somente no m\u00eas de abril"},"content":{"rendered":"\n<p>A doa\u00e7\u00e3o de&nbsp;R$ 500, cerca de 2% da remunera\u00e7\u00e3o total, dos&nbsp;deputados paraibanos&nbsp;aconteceu ap\u00f3s a aprova\u00e7\u00e3o do&nbsp;projeto volunt\u00e1rio votado na&nbsp;Assembleia Legislativa da Para\u00edba (ALPB<a rel=\"noreferrer noopener\" href=\"http:\/\/www.al.pb.leg.br\/\" target=\"_blank\">)<\/a>, apenas em abril. Cada deputado recebe cerca de R$ 25,3 mil por m\u00eas.<\/p>\n\n\n\n<p>O montante doado, R$ 18 mil, foi utilizado para compra&nbsp;de&nbsp;materiais hospitalares de combate \u00e0 Covid-19, que foi doado a unidade sa\u00fade do estado.&nbsp;Para o m\u00eas de maio, no \u00e1pice da pandemia da regi\u00e3o, segundo pesquisadores, ainda n\u00e3o foram apresentados&nbsp;planejamentos de doa\u00e7\u00f5es.<\/p>\n\n\n\n<p>Tamb\u00e9m participaram da doa\u00e7\u00e3o,&nbsp;servidores da Casa, que doaram parte do valor do aux\u00edlio para&nbsp;alimenta\u00e7\u00e3o que recebem.<\/p>\n\n\n\n<p>De acordo com a assessoria da ALPB, a arrecada\u00e7\u00e3o aconteceu&nbsp;somente no m\u00eas de abril e que ainda est\u00e1&nbsp;sendo estudada uma nova a\u00e7\u00e3o. O&nbsp;imprensatentou entrar em contato com o presidente da Assembleia Legislativa, Adriano Galdino (PSB), mas nossas liga\u00e7\u00f5es e mensagens n\u00e3o foram respondidas.<\/p>\n\n\n\n<p>Receberam as doa\u00e7\u00f5es das compras de m\u00e1scaras as institui\u00e7\u00f5es de Jo\u00e3o Pessoa:&nbsp;Napole\u00e3o Laureano e Padre Z\u00e9,&nbsp;Lar da Provid\u00eancia e Hospital Padre Z\u00e9. Al\u00e9m do&nbsp;Hospital da FAP, em Campina Grande e&nbsp;do Hospital Municipal Ministro Oswaldo Trigueiro, em Alagoa Grande.<\/p>\n\n\n\n<p><strong>Deputados pernambucanos contribu\u00edram mais para a causa<\/strong><\/p>\n\n\n\n<p>Alguns parlamentares pernambucanos foram mais generosos. A&nbsp;deputada do estado vizinho, Clarissa T\u00e9rcio (PSC-PE), anunciou atrav\u00e9s de um v\u00eddeo nas redes sociais, que realizar\u00e1 a doa\u00e7\u00e3o de metade do seu sal\u00e1rio por tr\u00eas meses, para atender algumas comunidades. \u201cFam\u00edlias pernambucanas est\u00e3o passando necessidades b\u00e1sicas. Gostaria de poder alcan\u00e7ar a todos mas, enquanto n\u00e3o posso, farei o que est\u00e1 ao meu alcance\u201d, disse.<\/p>\n\n\n\n<p>O deputado federal Felipe Carreras (PSB) disse que abrir\u00e1 m\u00e3o de 40% do seu sal\u00e1rio como parlamentar enquanto durar a pandemia e o per\u00edodo de restri\u00e7\u00f5es causado pelo novo coronav\u00edrus, segundo o jornal&nbsp;<em>Di\u00e1rio de Pernambuco<\/em>.<\/p>\n\n\n\n<p><strong>Para\u00edba Mix<\/strong><\/p>\n","protected":false},"excerpt":{"rendered":"<p>A doa\u00e7\u00e3o de&nbsp;R$ 500, cerca de 2% da remunera\u00e7\u00e3o total, dos&nbsp;deputados paraibanos&nbsp;aconteceu ap\u00f3s a aprova\u00e7\u00e3o do&nbsp;projeto volunt\u00e1rio votado na&nbsp;Assembleia Legislativa da Para\u00edba (ALPB), apenas em&hellip; <\/p>\n","protected":false},"author":1,"featured_media":168344,"comment_status":"closed","ping_status":"closed","sticky":false,"template":"","format":"standard","meta":{"sfsi_plus_gutenberg_text_before_share":"","sfsi_plus_gutenberg_show_text_before_share":"","sfsi_plus_gutenberg_icon_type":"","sfsi_plus_gutenberg_icon_alignemt":"","sfsi_plus_gutenburg_max_per_row":"","footnotes":""},"categories":[50],"tags":[],"class_list":["post-168343","post","type-post","status-publish","format-standard","has-post-thumbnail","hentry","category-destaque"],"_links":{"self":[{"href":"https:\/\/www.caririemacao.com\/1\/wp-json\/wp\/v2\/posts\/168343","targetHints":{"allow":["GET"]}}],"collection":[{"href":"https:\/\/www.caririemacao.com\/1\/wp-json\/wp\/v2\/posts"}],"about":[{"href":"https:\/\/www.caririemacao.com\/1\/wp-json\/wp\/v2\/types\/post"}],"author":[{"embeddable":true,"href":"https:\/\/www.caririemacao.com\/1\/wp-json\/wp\/v2\/users\/1"}],"replies":[{"embeddable":true,"href":"https:\/\/www.caririemacao.com\/1\/wp-json\/wp\/v2\/comments?post=168343"}],"version-history":[{"count":1,"href":"https:\/\/www.caririemacao.com\/1\/wp-json\/wp\/v2\/posts\/168343\/revisions"}],"predecessor-version":[{"id":168345,"href":"https:\/\/www.caririemacao.com\/1\/wp-json\/wp\/v2\/posts\/168343\/revisions\/168345"}],"wp:featuredmedia":[{"embeddable":true,"href":"https:\/\/www.caririemacao.com\/1\/wp-json\/wp\/v2\/media\/168344"}],"wp:attachment":[{"href":"https:\/\/www.caririemacao.com\/1\/wp-json\/wp\/v2\/media?parent=168343"}],"wp:term":[{"taxonomy":"category","embeddable":true,"href":"https:\/\/www.caririemacao.com\/1\/wp-json\/wp\/v2\/categories?post=168343"},{"taxonomy":"post_tag","embeddable":true,"href":"https:\/\/www.caririemacao.com\/1\/wp-json\/wp\/v2\/tags?post=168343"}],"curies":[{"name":"wp","href":"https:\/\/api.w.org\/{rel}","templated":true}]}}