{"id":168346,"date":"2020-05-09T01:22:02","date_gmt":"2020-05-09T04:22:02","guid":{"rendered":"https:\/\/www.caririemacao.com\/1\/?p=168346"},"modified":"2020-05-09T01:22:02","modified_gmt":"2020-05-09T04:22:02","slug":"prefeito-eden-duarte-entrega-unidade-de-saude-da-carnauba-e-anuncia-mais-investimentos-para-a-regiao","status":"publish","type":"post","link":"https:\/\/www.caririemacao.com\/1\/2020\/05\/09\/prefeito-eden-duarte-entrega-unidade-de-saude-da-carnauba-e-anuncia-mais-investimentos-para-a-regiao\/","title":{"rendered":"Prefeito \u00c9den Duarte entrega unidade de sa\u00fade da Carna\u00faba e anuncia mais investimentos para a regi\u00e3o"},"content":{"rendered":"\n<p>O prefeito \u00c9den Duarte entregou na manh\u00e3 de sexta-feira (08\/05), a conclus\u00e3o da obra da unidade de sa\u00fade do s\u00edtio Carna\u00faba, zona rural de Sum\u00e9.<\/p>\n\n\n\n<p>A entrega da unidade foi feita j\u00e1 com o atendimento m\u00e9dico, odontol\u00f3gico, de enfermagem e atua\u00e7\u00e3o dos agentes comunit\u00e1rios de sa\u00fade. O prefeito compareceu \u00e0 Carna\u00faba apenas com a equipe necess\u00e1ria, de modo a evitar &nbsp;aglomera\u00e7\u00e3o de pessoas, devido ao coronav\u00edrus.<\/p>\n\n\n\n<p>O prefeito \u00c9den Duarte reafirmou seu compromisso com a sa\u00fade do munic\u00edpio, e disse que em sua gest\u00e3o, o povo vem recebendo servi\u00e7os de qualidade. \u201cEntregamos uma unidade toda estruturada e equipada, com altos investimentos, que ir\u00e1 dar assist\u00eancia a todos os moradores da regi\u00e3o\u201d, declarou.<\/p>\n\n\n\n<div class=\"wp-block-image\"><figure class=\"alignright\"><a href=\"https:\/\/www.sume.pb.gov.br\/wp-content\/uploads\/2020\/05\/DSC_0067.jpg\"><img decoding=\"async\" data-src=\"https:\/\/www.sume.pb.gov.br\/wp-content\/uploads\/2020\/05\/DSC_0067-300x200.jpg\" alt=\"\" class=\"wp-image-10057 lazyload\" src=\"data:image\/svg+xml;base64,PHN2ZyB3aWR0aD0iMSIgaGVpZ2h0PSIxIiB4bWxucz0iaHR0cDovL3d3dy53My5vcmcvMjAwMC9zdmciPjwvc3ZnPg==\" style=\"--smush-placeholder-width: 300px; --smush-placeholder-aspect-ratio: 300\/200;\" \/><\/a><\/figure><\/div>\n\n\n\n<p>\u00c9den destacou outros investimentos que est\u00e3o sendo realizados na localidade, a exemplo da passagem molhada entre os s\u00edtios V\u00e1rzea e Carna\u00faba e informou que nos pr\u00f3ximos dias, dar\u00e1 a ordem de servi\u00e7o para abastecimento de \u00e1gua de mais R$ 3 milh\u00f5es, oriundos de um conv\u00eanio com a Funda\u00e7\u00e3o Nacional de Sa\u00fade (Funasa).<\/p>\n\n\n\n<p>De acordo com a secret\u00e1ria de sa\u00fade, Alessandra Regina, mesmo com a pandemia do coronav\u00edrus, os servi\u00e7os de sa\u00fade do munic\u00edpio continuam. \u201cNossa equipe est\u00e1 tomando todos os cuidados contra o coronav\u00edrus, nosso principal objetivo \u00e9 atender \u00e0 popula\u00e7\u00e3o, levando os nossos servi\u00e7os ao maior n\u00famero de pessoas poss\u00edveis\u201d, disse.<\/p>\n\n\n\n<div class=\"wp-block-image\"><figure class=\"alignleft\"><a href=\"https:\/\/www.sume.pb.gov.br\/wp-content\/uploads\/2020\/05\/DSC_0022.jpg\"><img decoding=\"async\" data-src=\"https:\/\/www.sume.pb.gov.br\/wp-content\/uploads\/2020\/05\/DSC_0022-300x200.jpg\" alt=\"\" class=\"wp-image-10058 lazyload\" src=\"data:image\/svg+xml;base64,PHN2ZyB3aWR0aD0iMSIgaGVpZ2h0PSIxIiB4bWxucz0iaHR0cDovL3d3dy53My5vcmcvMjAwMC9zdmciPjwvc3ZnPg==\" style=\"--smush-placeholder-width: 300px; --smush-placeholder-aspect-ratio: 300\/200;\" \/><\/a><\/figure><\/div>\n\n\n\n<p>Dona Maria Helena, moradora do s\u00edtio Carna\u00faba, agradeceu ao prefeito \u00c9den por ter tornado o sonho dos moradores realidade. \u201cAntes precis\u00e1vamos deslocar-se at\u00e9 a sede do munic\u00edpio, agora tudo vai ser diferente, teremos m\u00e9dico na porta de casa, ficou maravilhosa a obra, \u00c9den est\u00e1 de parab\u00e9ns\u201d, relatou.<\/p>\n\n\n\n<p>O vereador Nilson Brito esteve presente representando o Poder Legislativo. \u201cAgrade\u00e7o ao prefeito por ter realizado essa obra que vai mudar a vida destes moradores, eu sempre fui defensor de que a Carna\u00faba precisava de servi\u00e7os como estes, gra\u00e7as ao prefeito \u00c9den o sonho virou realidade\u201d, declarou Nilson.<\/p>\n\n\n\n<div class=\"wp-block-image\"><figure class=\"alignright\"><a href=\"https:\/\/www.sume.pb.gov.br\/wp-content\/uploads\/2020\/05\/DSC_0018.jpg\"><img decoding=\"async\" data-src=\"https:\/\/www.sume.pb.gov.br\/wp-content\/uploads\/2020\/05\/DSC_0018-300x200.jpg\" alt=\"\" class=\"wp-image-10054 lazyload\" src=\"data:image\/svg+xml;base64,PHN2ZyB3aWR0aD0iMSIgaGVpZ2h0PSIxIiB4bWxucz0iaHR0cDovL3d3dy53My5vcmcvMjAwMC9zdmciPjwvc3ZnPg==\" style=\"--smush-placeholder-width: 300px; --smush-placeholder-aspect-ratio: 300\/200;\" \/><\/a><\/figure><\/div>\n\n\n\n<p>A constru\u00e7\u00e3o da unidade da Carna\u00faba custou o valor de R$ 227.602,00, recursos da uni\u00e3o e contrapartida da Prefeitura Municipal. O pr\u00e9dio recebeu o nome de Marcolino Freitas Barros, em homenagem ao morador da regi\u00e3o.<\/p>\n\n\n\n<p>A unidade tamb\u00e9m j\u00e1 est\u00e1 com todo o seu equipamento adquirido, proveniente de recursos de emenda parlamentar do senador Raimundo Lira, no valor de R$ 376.560,00. Com este valor, al\u00e9m de equipar a Carna\u00faba, tamb\u00e9m foi poss\u00edvel \u00e0 gest\u00e3o municipal comprar equipamentos para as demais unidades de sa\u00fade do munic\u00edpio.<\/p>\n\n\n\n<p>Ascom\/PMS<\/p>\n","protected":false},"excerpt":{"rendered":"<p>O prefeito \u00c9den Duarte entregou na manh\u00e3 de sexta-feira (08\/05), a conclus\u00e3o da obra da unidade de sa\u00fade do s\u00edtio Carna\u00faba, zona rural de Sum\u00e9.&hellip; <\/p>\n","protected":false},"author":1,"featured_media":168347,"comment_status":"closed","ping_status":"closed","sticky":false,"template":"","format":"standard","meta":{"sfsi_plus_gutenberg_text_before_share":"","sfsi_plus_gutenberg_show_text_before_share":"","sfsi_plus_gutenberg_icon_type":"","sfsi_plus_gutenberg_icon_alignemt":"","sfsi_plus_gutenburg_max_per_row":"","footnotes":""},"categories":[6,50],"tags":[],"class_list":["post-168346","post","type-post","status-publish","format-standard","has-post-thumbnail","hentry","category-cidades","category-destaque"],"_links":{"self":[{"href":"https:\/\/www.caririemacao.com\/1\/wp-json\/wp\/v2\/posts\/168346","targetHints":{"allow":["GET"]}}],"collection":[{"href":"https:\/\/www.caririemacao.com\/1\/wp-json\/wp\/v2\/posts"}],"about":[{"href":"https:\/\/www.caririemacao.com\/1\/wp-json\/wp\/v2\/types\/post"}],"author":[{"embeddable":true,"href":"https:\/\/www.caririemacao.com\/1\/wp-json\/wp\/v2\/users\/1"}],"replies":[{"embeddable":true,"href":"https:\/\/www.caririemacao.com\/1\/wp-json\/wp\/v2\/comments?post=168346"}],"version-history":[{"count":1,"href":"https:\/\/www.caririemacao.com\/1\/wp-json\/wp\/v2\/posts\/168346\/revisions"}],"predecessor-version":[{"id":168348,"href":"https:\/\/www.caririemacao.com\/1\/wp-json\/wp\/v2\/posts\/168346\/revisions\/168348"}],"wp:featuredmedia":[{"embeddable":true,"href":"https:\/\/www.caririemacao.com\/1\/wp-json\/wp\/v2\/media\/168347"}],"wp:attachment":[{"href":"https:\/\/www.caririemacao.com\/1\/wp-json\/wp\/v2\/media?parent=168346"}],"wp:term":[{"taxonomy":"category","embeddable":true,"href":"https:\/\/www.caririemacao.com\/1\/wp-json\/wp\/v2\/categories?post=168346"},{"taxonomy":"post_tag","embeddable":true,"href":"https:\/\/www.caririemacao.com\/1\/wp-json\/wp\/v2\/tags?post=168346"}],"curies":[{"name":"wp","href":"https:\/\/api.w.org\/{rel}","templated":true}]}}