{"id":168349,"date":"2020-05-09T01:25:09","date_gmt":"2020-05-09T04:25:09","guid":{"rendered":"https:\/\/www.caririemacao.com\/1\/?p=168349"},"modified":"2020-05-09T01:25:09","modified_gmt":"2020-05-09T04:25:09","slug":"monteiro-prefeitura-prorroga-prazo-para-pagamento-do-iptu-2020","status":"publish","type":"post","link":"https:\/\/www.caririemacao.com\/1\/2020\/05\/09\/monteiro-prefeitura-prorroga-prazo-para-pagamento-do-iptu-2020\/","title":{"rendered":"Monteiro: Prefeitura prorroga prazo para pagamento do IPTU 2020"},"content":{"rendered":"\n<p>De acordo com o Decreto n\u00ba 1.163 assinado nesta sexta-feira, dia 08, pela prefeita Anna Lorena, fica prorrogado o prazo para a efetua\u00e7\u00e3o do pagamento do Imposto Predial e Territorial Urbano (IPTU) 2020, em parcela \u00fanica e com desconto de 20%, com vencimento originalmente em 31 de mar\u00e7o de 2020, ficando prorrogado para o dia 30 de Setembro de 2020.<\/p>\n\n\n\n<p>Ainda conforme o Decreto, os Bancos credenciados ficam autorizados a procederem ao recebimento do tributo, sem multa e juros, at\u00e9 a nova data de vencimento, possibilitando que o contribuinte fique em dia com seu IPTU e assim a cidade possa continuar crescendo com investimentos em beneficio da popula\u00e7\u00e3o.<\/p>\n\n\n\n<p>A Secretaria de Finan\u00e7as informa que os carn\u00eas do IPTU 2020 s\u00f3 ser\u00e3o distribu\u00eddos ap\u00f3s o.controle da atual crise que o Pa\u00eds vivencia no momento.&nbsp;&nbsp;<\/p>\n","protected":false},"excerpt":{"rendered":"<p>De acordo com o Decreto n\u00ba 1.163 assinado nesta sexta-feira, dia 08, pela prefeita Anna Lorena, fica prorrogado o prazo para a efetua\u00e7\u00e3o do pagamento&hellip; <\/p>\n","protected":false},"author":1,"featured_media":168350,"comment_status":"closed","ping_status":"closed","sticky":false,"template":"","format":"standard","meta":{"sfsi_plus_gutenberg_text_before_share":"","sfsi_plus_gutenberg_show_text_before_share":"","sfsi_plus_gutenberg_icon_type":"","sfsi_plus_gutenberg_icon_alignemt":"","sfsi_plus_gutenburg_max_per_row":"","footnotes":""},"categories":[6,50],"tags":[],"class_list":["post-168349","post","type-post","status-publish","format-standard","has-post-thumbnail","hentry","category-cidades","category-destaque"],"_links":{"self":[{"href":"https:\/\/www.caririemacao.com\/1\/wp-json\/wp\/v2\/posts\/168349","targetHints":{"allow":["GET"]}}],"collection":[{"href":"https:\/\/www.caririemacao.com\/1\/wp-json\/wp\/v2\/posts"}],"about":[{"href":"https:\/\/www.caririemacao.com\/1\/wp-json\/wp\/v2\/types\/post"}],"author":[{"embeddable":true,"href":"https:\/\/www.caririemacao.com\/1\/wp-json\/wp\/v2\/users\/1"}],"replies":[{"embeddable":true,"href":"https:\/\/www.caririemacao.com\/1\/wp-json\/wp\/v2\/comments?post=168349"}],"version-history":[{"count":1,"href":"https:\/\/www.caririemacao.com\/1\/wp-json\/wp\/v2\/posts\/168349\/revisions"}],"predecessor-version":[{"id":168351,"href":"https:\/\/www.caririemacao.com\/1\/wp-json\/wp\/v2\/posts\/168349\/revisions\/168351"}],"wp:featuredmedia":[{"embeddable":true,"href":"https:\/\/www.caririemacao.com\/1\/wp-json\/wp\/v2\/media\/168350"}],"wp:attachment":[{"href":"https:\/\/www.caririemacao.com\/1\/wp-json\/wp\/v2\/media?parent=168349"}],"wp:term":[{"taxonomy":"category","embeddable":true,"href":"https:\/\/www.caririemacao.com\/1\/wp-json\/wp\/v2\/categories?post=168349"},{"taxonomy":"post_tag","embeddable":true,"href":"https:\/\/www.caririemacao.com\/1\/wp-json\/wp\/v2\/tags?post=168349"}],"curies":[{"name":"wp","href":"https:\/\/api.w.org\/{rel}","templated":true}]}}