{"id":168355,"date":"2020-05-09T01:28:28","date_gmt":"2020-05-09T04:28:28","guid":{"rendered":"https:\/\/www.caririemacao.com\/1\/?p=168355"},"modified":"2020-05-09T01:28:28","modified_gmt":"2020-05-09T04:28:28","slug":"vice-prefeito-diz-que-pretende-tocar-gestao-de-silvana-marinho-com-sua-equipe-e-nao-descarta-candidatura-a-prefeito-em-2020","status":"publish","type":"post","link":"https:\/\/www.caririemacao.com\/1\/2020\/05\/09\/vice-prefeito-diz-que-pretende-tocar-gestao-de-silvana-marinho-com-sua-equipe-e-nao-descarta-candidatura-a-prefeito-em-2020\/","title":{"rendered":"Vice-prefeito diz que pretende tocar gest\u00e3o de Silvana Marinho com sua equipe e n\u00e3o descarta candidatura \u00e0 prefeito em 2020"},"content":{"rendered":"\n<p>Com o afastamento da prefeita de Santo Andr\u00e9, Silvana Marinho, determinado pelo TJ-PB deve assumir a qualquer momento o cargo de mandat\u00e1rio municipal o vice-prefeito Arimat\u00e9ia Porto. Ari falou concedeu entrevista exclusiva ao jornalista Klebson Wanderley na sexta-feira (08) e disse que pretende continuar dando sequ\u00eancia as a\u00e7\u00f5es de Silvana Marinho \u00e0 frente do Executivo de Santo Andr\u00e9, inclusive com a manuten\u00e7\u00e3o de sua equipe.<\/p>\n\n\n\n<p>\u201cEu quero tranquilizar \u00e0 popula\u00e7\u00e3o de Santo Andr\u00e9. N\u00e3o pretendo fazer mudan\u00e7as dr\u00e1sticas na gest\u00e3o do nosso munic\u00edpio e quero a perman\u00eancia de todos os auxiliares. As estrat\u00e9gias contra a pandemia do Covid-19 est\u00e3o sendo muito eficazes e tamb\u00e9m vamos dar continuidade\u201d, assegurou Arimat\u00e9ia Porto.<\/p>\n\n\n\n<p>O vice-prefeito comentou ainda sobre o quadro pol\u00edtico de Santo Andr\u00e9 para as elei\u00e7\u00f5es deste ano e sua posi\u00e7\u00e3o. Arimat\u00e9ia Porto disse que n\u00e3o tem alian\u00e7a definida para estas elei\u00e7\u00f5es, respeita e vai conversar com todos os pr\u00e9-candidatos. O l\u00edder negou que estivesse fechado com o apoio \u00e0 pr\u00e9-candidatura do presidente Rivaldo J\u00fanior, como foi ventilado anteriormente na imprensa, e n\u00e3o descartou lan\u00e7ar seu pr\u00f3prio nome para a candidatura a prefeito.<\/p>\n\n\n\n<p>\u201cCaso continue por muito tempo no governo, j\u00e1 que n\u00e3o sabemos como se comportar\u00e3o as a\u00e7\u00f5es para retomada do mandato da prefeita Silvana Marinho, pretendo sim reunir amigos e analisar a possibilidade de oferecer meu nome para a disputa, uma vez que \u00e9 o \u00fanico cargo que posso pleitear\u201d, assinalou Ari.<\/p>\n\n\n\n<p>Arimateia Porto est\u00e1 filiado ao Cidadania, partido que no munic\u00edpio de Santo Andr\u00e9 \u00e9 comandado pela prefeita Silvana Marinho.<\/p>\n\n\n\n<p><strong>De Olho no Cariri<\/strong><\/p>\n","protected":false},"excerpt":{"rendered":"<p>Com o afastamento da prefeita de Santo Andr\u00e9, Silvana Marinho, determinado pelo TJ-PB deve assumir a qualquer momento o cargo de mandat\u00e1rio municipal o vice-prefeito&hellip; <\/p>\n","protected":false},"author":1,"featured_media":168356,"comment_status":"closed","ping_status":"closed","sticky":false,"template":"","format":"standard","meta":{"sfsi_plus_gutenberg_text_before_share":"","sfsi_plus_gutenberg_show_text_before_share":"","sfsi_plus_gutenberg_icon_type":"","sfsi_plus_gutenberg_icon_alignemt":"","sfsi_plus_gutenburg_max_per_row":"","footnotes":""},"categories":[6],"tags":[],"class_list":["post-168355","post","type-post","status-publish","format-standard","has-post-thumbnail","hentry","category-cidades"],"_links":{"self":[{"href":"https:\/\/www.caririemacao.com\/1\/wp-json\/wp\/v2\/posts\/168355","targetHints":{"allow":["GET"]}}],"collection":[{"href":"https:\/\/www.caririemacao.com\/1\/wp-json\/wp\/v2\/posts"}],"about":[{"href":"https:\/\/www.caririemacao.com\/1\/wp-json\/wp\/v2\/types\/post"}],"author":[{"embeddable":true,"href":"https:\/\/www.caririemacao.com\/1\/wp-json\/wp\/v2\/users\/1"}],"replies":[{"embeddable":true,"href":"https:\/\/www.caririemacao.com\/1\/wp-json\/wp\/v2\/comments?post=168355"}],"version-history":[{"count":1,"href":"https:\/\/www.caririemacao.com\/1\/wp-json\/wp\/v2\/posts\/168355\/revisions"}],"predecessor-version":[{"id":168357,"href":"https:\/\/www.caririemacao.com\/1\/wp-json\/wp\/v2\/posts\/168355\/revisions\/168357"}],"wp:featuredmedia":[{"embeddable":true,"href":"https:\/\/www.caririemacao.com\/1\/wp-json\/wp\/v2\/media\/168356"}],"wp:attachment":[{"href":"https:\/\/www.caririemacao.com\/1\/wp-json\/wp\/v2\/media?parent=168355"}],"wp:term":[{"taxonomy":"category","embeddable":true,"href":"https:\/\/www.caririemacao.com\/1\/wp-json\/wp\/v2\/categories?post=168355"},{"taxonomy":"post_tag","embeddable":true,"href":"https:\/\/www.caririemacao.com\/1\/wp-json\/wp\/v2\/tags?post=168355"}],"curies":[{"name":"wp","href":"https:\/\/api.w.org\/{rel}","templated":true}]}}