{"id":168358,"date":"2020-05-09T01:38:49","date_gmt":"2020-05-09T04:38:49","guid":{"rendered":"https:\/\/www.caririemacao.com\/1\/?p=168358"},"modified":"2020-05-09T01:38:49","modified_gmt":"2020-05-09T04:38:49","slug":"lockdown-pode-terminar-em-tiro-e-morte-diz-prefeito-de-manaus","status":"publish","type":"post","link":"https:\/\/www.caririemacao.com\/1\/2020\/05\/09\/lockdown-pode-terminar-em-tiro-e-morte-diz-prefeito-de-manaus\/","title":{"rendered":"Lockdown pode terminar em &#8216;tiro e morte&#8217;, diz prefeito de Manaus"},"content":{"rendered":"\n<p><br>O prefeito de Manaus, Arthur Virg\u00edlio Neto (PSDB), foi \u00e0s l\u00e1grimas mais uma vez ao descrever a situa\u00e7\u00e3o dram\u00e1tica enfrentada pela maior cidade da Amaz\u00f4nia em meio \u00e0 pandemia do novo coronav\u00edrus.<\/p>\n\n\n\n<p>&#8220;Todo dia eu vejo mortes de pessoas que conhe\u00e7o&#8221;, diz o tucano em entrevista \u00e0 BBC News Brasil. &#8220;Isso s\u00f3 n\u00e3o mexe com uma pessoa com o cora\u00e7\u00e3o muito ruim: impot\u00eancia, falta de recursos, e morrendo gente, morrendo gente.&#8221;<\/p>\n\n\n\n<p>Ele prossegue, citando o epis\u00f3dio em que o filho de um homem que morreu pelo coronav\u00edrus na capital amazonense atacou um dos profissionais respons\u00e1veis pelo enterro.<\/p>\n\n\n\n<p>&#8220;O coveiro! O coveiro. Se tivesse que espancar, espancasse o governador, espancasse a mim. Mas o coveiro&#8230;&#8221;<\/p>\n\n\n\n<p>Segundo ele, o n\u00famero de mortes na cidade passou da m\u00e9dia hist\u00f3rica de 20 a 30 enterros por dia para um pico de 140. &#8220;Agora estamos estabilizados em uma m\u00e9dia de 120, o que \u00e9 muito.&#8221;<\/p>\n\n\n\n<p>O prefeito, no entanto, resiste \u00e0 recomenda\u00e7\u00e3o do Minist\u00e9rio P\u00fablico do Estado de implementa\u00e7\u00e3o de um lockdown (confinamento obrigat\u00f3rio), citando risco de caos social em Manaus.<\/p>\n\n\n\n<p>&#8220;(Algu\u00e9m) joga uma pedra em algu\u00e9m, come\u00e7a um tiroteio com bala de borracha que pode cegar algu\u00e9m, come\u00e7a a rea\u00e7\u00e3o das pessoas, que vivem uma situa\u00e7\u00e3o de desespero. Algo que termina dando em tiro, dando em morte&#8221;, avalia.<\/p>\n\n\n\n<p>Na \u00faltima d\u00e9cada, as regi\u00f5es Norte e Nordeste se revezaram no topo entre as \u00e1reas mais violentas do Brasil. Segundo o Atlas da Viol\u00eancia do ano passado, feito com dados de 2017, Manaus era a nona capital entre as l\u00edderes em taxas de homic\u00eddios no pa\u00eds &#8211; no topo estava Fortaleza (CE), seguida de Rio Branco, Bel\u00e9m, Natal (RN), Salvador (BA), Macei\u00f3 (AL), Recife (PE) e Aracaju (SE).<\/p>\n\n\n\n<p>Por outro lado, cientistas em todo o mundo apontam o lockdown como medida eficaz e necess\u00e1ria para a conten\u00e7\u00e3o da doen\u00e7a. Nesta semana, em meio ao processo de reabertura parcial em pa\u00edses como Alemanha e Espanha, a epidemiologista da Organiza\u00e7\u00e3o Mundial da Sa\u00fade Maria Van Kerkhove alertou para os riscos associados ao relaxamento. &#8220;Se as medidas de lockdown forem levantadas abruptamente, o v\u00edrus pode decolar.&#8221;<\/p>\n\n\n\n<p>A entrevista acontece dias depois de Arthur Virg\u00edlio enviar v\u00eddeos pedindo ajuda a personalidades internacionais &#8211; do presidente franc\u00eas Emmanuel Macron (&#8220;se ele tem toda essa preocupa\u00e7\u00e3o com a Amaz\u00f4nia, deveria ajudar&#8221;) \u00e0 ativista Greta Thunberg (&#8220;Pirralhos mentais a chamam de pirralha&#8221;).<\/p>\n\n\n\n<p>Segundo ele, que diz n\u00e3o se &#8220;preocupar nem um pouco&#8221; com a rea\u00e7\u00e3o do presidente Jair Bolsonaro aos apelos, chegou a hora de perceber se as falas de l\u00edderes internacionais sobre a regi\u00e3o amaz\u00f4nica &#8220;s\u00e3o da boca para fora ou s\u00e9rias&#8221;.<\/p>\n\n\n\n<h2 class=\"wp-block-heading\">Leia a seguir os principais trechos da entrevista.<\/h2>\n\n\n\n<p><strong>BBC News Brasil &#8211; Uma das v\u00e1rias imagens que rodaram o mundo nesta crise \u00e9 especificamente de Manaus: aquelas valas comuns abertas em cemit\u00e9rios da cidade, aqueles tratores abrindo longas fileiras que posteriormente receberiam v\u00edtimas do coronav\u00edrus especialmente. Qual \u00e9 a situa\u00e7\u00e3o do sistema funer\u00e1rio da cidade neste momento?<\/strong><\/p>\n\n\n\n<p><strong>Arthur Virg\u00edlio Neto &#8211;&nbsp;<\/strong>Bem, agora est\u00e1 controlada. N\u00f3s estamos preparando um projeto de memorial em nome de todas as pessoas ali enterradas. Estamos trabalhando a separa\u00e7\u00e3o, para cada uma ser identificada.<\/p>\n\n\n\n<p>Mas os hospitais t\u00eam cenas que tamb\u00e9m correram o mundo e \u00e9 obvio que as pessoas morreram e n\u00e3o tinha como enterr\u00e1-las. Porque n\u00f3s subimos de 20 a 30 enterros por dia para um pico de 140 e n\u00e3o sei quantos, e agora estamos estabilizados em uma m\u00e9dia de 120, o que \u00e9 muito.<\/p>\n\n\n\n<p>A gente sabe que guerra \u00e9 guerra. N\u00f3s temos uma guerra. Eu encaro o corona como uma guerra. N\u00f3s tivemos que enterrar as pessoas. N\u00f3s n\u00e3o poder\u00edamos simplesmente olhar um para o outro, indecisos, como aconteceu em alguns hospitais, doentes juntos com mortos. N\u00f3s n\u00e3o pod\u00edamos fazer isso.<\/p>\n\n\n\n<p>N\u00f3s t\u00ednhamos que enterrar. E a ordem que dei para o secret\u00e1rio de Limpeza P\u00fablica era que procurasse dar um m\u00e1ximo de dignidade, mas que enterrasse com presteza, para evitarmos que aquilo virasse algo muito pior.<\/p>\n\n\n\n<figure class=\"wp-block-image\"><img decoding=\"async\" data-src=\"https:\/\/s2.glbimg.com\/LvIHybCrKUiNCphyQlbCibp4DNs=\/0x0:624x351\/984x0\/smart\/filters:strip_icc()\/i.s3.glbimg.com\/v1\/AUTH_59edd422c0c84a879bd37670ae4f538a\/internal_photos\/bs\/2020\/I\/E\/wZoG2kSGaBidleUXqcYA\/reuters.jpg\" alt=\"Coveiro em cemit\u00e9rio de Manaus \u2014 Foto: Reuters\" title=\"Coveiro em cemit\u00e9rio de Manaus \u2014 Foto: Reuters\" src=\"data:image\/svg+xml;base64,PHN2ZyB3aWR0aD0iMSIgaGVpZ2h0PSIxIiB4bWxucz0iaHR0cDovL3d3dy53My5vcmcvMjAwMC9zdmciPjwvc3ZnPg==\" class=\"lazyload\" \/><\/figure>\n\n\n\n<p>Coveiro em cemit\u00e9rio de Manaus \u2014 Foto: Reuters<\/p>\n\n\n\n<p><strong>BBC News Brasil &#8211; O senhor falou da m\u00e9dia normal de enterros na cidade, que variava entre 20 e 30. Na ter\u00e7a-feira, 111 pessoas foram sepultadas, portanto pelo menos 80 a mais que a m\u00e9dia hist\u00f3rica. Destas 111 sepultadas, s\u00f3 13 tiveram o diagn\u00f3stico de covid-19. Dezenas foram enterradas com insufici\u00eancia respirat\u00f3ria ou &#8220;causa desconhecida&#8221;. Isso exp\u00f5e uma poss\u00edvel subnotifica\u00e7\u00e3o brutal na cidade.<\/strong><\/p>\n\n\n\n<p><strong>Virg\u00edlio Neto&nbsp;<\/strong>&#8211; Quando eu vejo insufici\u00eancia respirat\u00f3ria grave, eu leio covid. Quando vejo causas n\u00e3o identificadas, eu n\u00e3o rio porque n\u00e3o \u00e9 hora de rir, mas\u2026<\/p>\n\n\n\n<p>Eu estou no hospital, a\u00ed eu morri e ningu\u00e9m sabe por que eu morri? \u00c9 complicado. Eu leio covid. Quando eu leio pneumonia nos boletins dos hospitais, eu leio covid. \u00c9 obvio que h\u00e1 subnotifica\u00e7\u00e3o aqui e no Brasil.<\/p>\n\n\n\n<p><strong>BBC News Brasil &#8211; O senhor gravou alguns v\u00eddeos com apelos para l\u00edderes mundiais. O que o levou a pedir ajuda externa, uma vez que a gente espera que a ajuda venha de dentro do pr\u00f3prio pa\u00eds. Por que apelar para fora?<\/strong><\/p>\n\n\n\n<p><strong>Virg\u00edlio Neto<\/strong>&nbsp;&#8211; Primeiro, porque n\u00e3o estava chegando nenhuma ajuda aqui. Come\u00e7ou agora, depois da conversa com o ministro da Sa\u00fade, uma pessoa muito agrad\u00e1vel, mas veio uma coisa m\u00ednima, \u00ednfima.<\/p>\n\n\n\n<p>\u00c9 uma regi\u00e3o de interesse planet\u00e1rio. Tem obviamente soberania nacional, mas \u00e9 uma regi\u00e3o de interesse planet\u00e1rio. \u00c9 hora desse interesse planet\u00e1rio se manifestar de maneira concreta, n\u00e3o s\u00f3 fazendo cobran\u00e7a.<\/p>\n\n\n\n<p>N\u00e3o sou do tipo que vive de passado, n\u00e3o uso esses argumentos, que s\u00e3o muito parecidos com os do presidente, que acha que devastar n\u00e3o faz mal. Eu sou contra garimpo no Amazonas, contra agroneg\u00f3cio no Amazonas. Fa\u00e7a em outro lugar.<\/p>\n\n\n\n<p>Sou a favor de aproveitar o nosso banco gen\u00e9tico, mant\u00ea-lo intacto, para trazer prosperidade para o nosso povo. Precisamos, neste campo, tamb\u00e9m de coopera\u00e7\u00e3o nacional e internacional. E se n\u00f3s somos essa regi\u00e3o importante, e se o Amazonas \u00e9 o cerne dessa regi\u00e3o, eu n\u00e3o entendo como que, em uma hora de afli\u00e7\u00e3o, na \u00fanica vez em que o Estado pode alguma coisa, ele n\u00e3o \u00e9 atendido. Deve ser atendido. Ou o discurso dos l\u00edderes mundiais \u00e9 da boca para fora, \u00e9 para fazer bonito perante a imprensa, ou esse discurso \u00e9 s\u00e9rio.<\/p>\n\n\n\n<p>Tudo o que acontece de ruim para o povo do Amazonas se reflete na floresta, se reflete nos rios, se reflete na conten\u00e7\u00e3o do aquecimento global.<\/p>\n\n\n\n<p>Eu acabei de falar com um jornal franc\u00eas, uma das ajudas que eu espero claramente \u00e9 a do presidente Emmanuel Macron. Porque o discurso dele indica isso. Eu gosto de juntar meu discurso e a minha pr\u00e1tica. Se ele tem toda essa solidariedade e preocupa\u00e7\u00e3o inteligente com uma boa governan\u00e7a na Amaz\u00f4nia, deveria ajudar.<\/p>\n\n\n\n<p><strong>BBC News Brasil &#8211; O apelo ao presidente Macron especificamente, aquele que foi o mais enf\u00e1tico durante os inc\u00eandios, pode gerar desconforto com presidente brasileiro. Bolsonaro se colocou frontalmente contra Macron, inclusive na Assembleia-Geral da ONU. Como lida com esta tens\u00e3o?<\/strong><\/p>\n\n\n\n<p><strong>Virg\u00edlio Neto<\/strong>&nbsp;&#8211; Vou te dizer como lido com o Bolsonaro. Bolsonaro todos os dias me cria tens\u00e3o. Quando ele briga com fulano, com beltrano, com n\u00e3o sei quem. Ele tem um inimigo por dia. E eu crio de vez em quando problemas para ele quando respondo, quando falou ou dou uma entrevista.<\/p>\n\n\n\n<p>Isso a\u00ed n\u00e3o me importa o m\u00ednimo. Eu n\u00e3o concordo com a pol\u00edtica externa dele, n\u00e3o concordo com o ministro de Rela\u00e7\u00f5es Exteriores dele. N\u00e3o \u00e9 uma escolha sequer madura, se tratava de um embaixador j\u00fanior. Ent\u00e3o, n\u00e3o estou nem um pouco preocupado.<\/p>\n\n\n\n<p>Ent\u00e3o, eu me dirigi ao G7, aos l\u00edderes principais. Me dirigi a eles. Se ajudarem, ajudaram, se n\u00e3o ajudarem, \u00e9 porque n\u00e3o compreendem a causa amaz\u00f4nica.<\/p>\n\n\n\n<p>E por que a Greta? O pessoal do Bolsonaro cai em cima de mim. Quando vejo a chamarem de pirralha, eu j\u00e1 sei de onde vem.<\/p>\n\n\n\n<p><strong>BBC News Brasil &#8211; De onde vem?<\/strong><\/p>\n\n\n\n<p><strong>Virg\u00edlio Neto<\/strong>&nbsp;&#8211; Bolsonaro. Do pessoal dele. Ser pirralho era t\u00e3o bom, eu tenho tanta saudade. Terr\u00edvel \u00e9 se eu fosse um pirralho governando o pa\u00eds, n\u00e9?<\/p>\n\n\n\n<p>E a Greta, a quem chamam irresponsavelmente de pirralha, alguns pirralhos mentais a chamam de pirralha, \u00e9 quem est\u00e1 conversando conosco para chegarmos a alguma coisa objetiva, alguma coisa pr\u00e1tica.<\/p>\n\n\n\n<p>A ajuda que vier \u00e9 bem-vinda. Precisamos de medicamentos, equipamentos de prote\u00e7\u00e3o individual, tom\u00f3grafos.<\/p>\n\n\n\n<p><strong>BBC News Brasil &#8211; O senhor j\u00e1 fez diversas cr\u00edticas \u00e0 condu\u00e7\u00e3o do presidente Bolsonaro nesta crise, disse que n\u00e3o pode esperar nada dele, e ao mesmo tempo se mostra otimista em rela\u00e7\u00e3o ao apoio dos pa\u00edses do G7. O senhor tem mais esperan\u00e7a na ajuda vinda de fora do que na vinda de dentro?<\/strong><\/p>\n\n\n\n<p><strong>Virg\u00edlio Neto&nbsp;<\/strong>&#8211; \u00c9 dif\u00edcil mensurar o que representa uma declara\u00e7\u00e3o de uma Greta. \u00c9 dif\u00edcil mensurar o que se passa na cabe\u00e7a de uma pessoa que n\u00e3o conhe\u00e7o, mas admiro \u00e0 dist\u00e2ncia, que \u00e9 o presidente Macron. \u00c9 dif\u00edcil mensurar o que se passa na cabe\u00e7a de um homem que poderia ter morrido de covid, o primeiro-ministro (brit\u00e2nico) Boris Johnson.<\/p>\n\n\n\n<p>Dos l\u00edderes do G20 e dos pa\u00edses que se pode considerar expressivos, n\u00f3s temos o \u00fanico l\u00edder que insiste em contradizer seu pr\u00f3prio Minist\u00e9rio da Sa\u00fade. Eu tenho esperan\u00e7as no ministro da Sa\u00fade, porque ele assumiu o compromisso comigo, acredito nele. E tamb\u00e9m tem uma coisa, eu n\u00e3o vejo o presidente Jair Bolsonaro sentar e despachar.<\/p>\n\n\n\n<p><strong>BBC News Brasil &#8211; O Minist\u00e9rio P\u00fablico entrou com uma a\u00e7\u00e3o civil p\u00fablica pedindo que a Prefeitura de Manaus e o governo do Estado decretassem lockdown. E o senhor classificou a medida como extrema e arriscada. Mas o senhor j\u00e1 disse que viu &#8220;cenas de terror&#8221; na capital, disse que defende medidas mais duras, chegou a chorar ao narrar o que acontece na cidade. Quando se sugere uma medida que vem sendo adotada em todo o mundo, nas principais capitais, o senhor diz que \u00e9 extremo. N\u00e3o h\u00e1 contradi\u00e7\u00e3o a\u00ed?<\/strong><\/p>\n\n\n\n<p><strong>Virg\u00edlio Neto&nbsp;<\/strong>&#8211; N\u00e3o, voc\u00ea d\u00e1 como \u00fanica solu\u00e7\u00e3o o lockdown. Mas eu penso, por exemplo, numa rebeldia popular grande. Daqui a pouco tem elei\u00e7\u00e3o. Um oportunista joga uma pedra\u2026 Eu j\u00e1 enfrentei uma ditadura. Apesar da minha idade, se tivesse outra, e n\u00e3o vai ter, eu enfrentaria de novo. Eu sei o que \u00e9 a repress\u00e3o, ela nem sempre depende do comandante. Dizia-se que na ditadura, n\u00e3o se tinha tanto medo do general, tinha medo do guarda da esquina.<\/p>\n\n\n\n<p>Ent\u00e3o, joga uma pedra em algu\u00e9m, come\u00e7a um tiroteio com bala de borracha, que pode cegar algu\u00e9m, come\u00e7a a rea\u00e7\u00e3o das pessoas, que vivem uma situa\u00e7\u00e3o de desespero. Algo que termina dando em tiro, dando em morte. Eu acho que \u00e9 uma medida que deve ser tomada em ultim\u00edssimo grau, assim como n\u00f3s fazemos com a entuba\u00e7\u00e3o. \u00daltimo grau&#8230;.<\/p>\n\n\n\n<figure class=\"wp-block-image\"><img decoding=\"async\" data-src=\"https:\/\/s2.glbimg.com\/UwlUziYmNc2yKMuQbKYyNS3KEcI=\/0x0:624x351\/984x0\/smart\/filters:strip_icc()\/i.s3.glbimg.com\/v1\/AUTH_59edd422c0c84a879bd37670ae4f538a\/internal_photos\/bs\/2020\/6\/q\/E6ASSfQt2OzeqqEiDPVQ\/afp.jpg\" alt=\"Samu chega com um paciente com suspeita de covid-19 a hospital de Manaus \u2014 Foto: AFP\" title=\"Samu chega com um paciente com suspeita de covid-19 a hospital de Manaus \u2014 Foto: AFP\" src=\"data:image\/svg+xml;base64,PHN2ZyB3aWR0aD0iMSIgaGVpZ2h0PSIxIiB4bWxucz0iaHR0cDovL3d3dy53My5vcmcvMjAwMC9zdmciPjwvc3ZnPg==\" class=\"lazyload\" \/><\/figure>\n\n\n\n<p>Samu chega com um paciente com suspeita de covid-19 a hospital de Manaus \u2014 Foto: AFP<\/p>\n\n\n\n<p><strong>BBC News Brasil &#8211; Prefeito, qual \u00e9 o \u00faltimo grau, se o senhor j\u00e1 classificou a situa\u00e7\u00e3o como colapso na sa\u00fade p\u00fablica, como filme de terror? O que mais precisa acontecer?<\/strong><\/p>\n\n\n\n<p><strong>Virg\u00edlio Neto<\/strong>&nbsp;&#8211; A situa\u00e7\u00e3o de horror \u00e9 amenizada, se Deus quiser, com a chegada, que foi uma interven\u00e7\u00e3o benigna do ministro (Nelson) Teich e do general (Eduardo) Pazuello, chegou muita gente para o governo do Estado. Se essas pessoas v\u00e3o resolver ou n\u00e3o, a gente vai ver daqui a pouco, se vai melhorar&#8230; Acho que piorar n\u00e3o pode, dever\u00e1 melhorar.<\/p>\n\n\n\n<p>Nosso hospital de campanha vai crescendo a cada momento. Estamos com organiza\u00e7\u00e3o nos sepultamentos. Acabou aquela algazarra, aquela confus\u00e3o. Aquela hist\u00f3ria de o filho de algu\u00e9m que morreu querer agredir o coveiro, que \u00e9 o sujeito mais exposto ao coronav\u00edrus.<\/p>\n\n\n\n<p><strong>BBC News Brasil &#8211; Ent\u00e3o o senhor enxerga no lockdown uma janela para uma poss\u00edvel convuls\u00e3o social, \u00e9 isso?<\/strong><\/p>\n\n\n\n<p><strong>Virg\u00edlio Neto<\/strong>&nbsp;&#8211; Eu queria ter certeza de que n\u00e3o, para poder apoiar o lockdown. Eu falei com todas as pessoas importantes nesse epis\u00f3dio do lockdown e n\u00e3o encontrei seguran\u00e7a nenhuma. Nenhuma. Ningu\u00e9m seguro que este \u00e9 o melhor caminho.<\/p>\n\n\n\n<p>Eu encontrei pessoas que dizem que n\u00f3s n\u00e3o temos instrumentos de repress\u00e3o para sequer reprimir de verdade uma rebeldia popular de grandes propor\u00e7\u00f5es. Ent\u00e3o, eu olho com responsabilidade o lockdown. O MP sugeriu, sugeriu. Vamos analisar, fazer uma teleconfer\u00eancia e discutir. Mas, eu n\u00e3o posso declarar um lockdown sem ter absoluta seguran\u00e7a de que preciso dele como a gente usa um respirador. A gente usa o respirador mec\u00e2nico s\u00f3 quando a gente acha que a pessoa vai morrer.<\/p>\n\n\n\n<p><strong>BBC News Brasil &#8211; Agora, prefeito, n\u00e3o est\u00e1 um pouco em cima da hora, ou tarde para saber se o lockdown faz sentido ou n\u00e3o e qual seria a alternativa?<\/strong><\/p>\n\n\n\n<p><strong>Virg\u00edlio Neto &#8211;<\/strong>&nbsp;Eu acabei de falar que chegou um refor\u00e7o brutal para o governo do Estado. Dois Boeings (com insumos).<\/p>\n\n\n\n<p>Mas, quando voc\u00ea se referiu ao epis\u00f3dio em que eu chorei na televis\u00e3o. Eu sou um cara muito sentimental. Muito sens\u00edvel. E tamb\u00e9m n\u00e3o fui criado em uma fam\u00edlia em que homem n\u00e3o chora. Chora homem e chora mulher. Na minha fam\u00edlia, sai na porrada homem, sai na porrada mulher. Na minha fam\u00edlia, a gente topa tudo. Tem de tudo l\u00e1.<\/p>\n\n\n\n<p>Eu explodi sim porque voc\u00ea v\u00ea a prega\u00e7\u00e3o do &#8220;vai para a rua&#8221;, e eu dizendo &#8220;n\u00e3o vem para a rua&#8221;, e o pessoal n\u00e3o me atende e vai para a rua. E as pessoas morrem.<\/p>\n\n\n\n<p>Diferentemente do H1N1, que matou v\u00e1rias pessoas no mundo, eu n\u00e3o tenho de cabe\u00e7a o nome de nenhuma pessoa que tenha morrido de H1N1, uma pessoa pr\u00f3xima a mim. Eu n\u00e3o lembro de ningu\u00e9m. Hoje, todo dia eu vejo mortes de pessoas que conhe\u00e7o. Ou pessoas humildes dos bairros, cujos nomes eu identifico, ou pessoas ricas que eu conhe\u00e7o tamb\u00e9m, pessoas de classe m\u00e9dia que eu conhe\u00e7o.<\/p>\n\n\n\n<p>Todo santo dia eu vejo isso. Isso s\u00f3 n\u00e3o mexe com uma pessoa com o cora\u00e7\u00e3o muito ruim. Um cora\u00e7\u00e3o muito desonesto at\u00e9, voc\u00ea n\u00e3o sentir uma coisa dessa. E a impot\u00eancia, e a falta de recursos, os recursos n\u00e3o vinham, e n\u00e3o vieram ainda, n\u00f3s estamos lutando com nossas pr\u00f3prias for\u00e7as. E morrendo gente, morrendo gente.<\/p>\n\n\n\n<p>Coveiro quase espancado por filho de uma pessoa que ia ser enterrada. O coveiro! O coveiro! Se tivesse que espancar, espancasse o governador, espancasse a mim, mas o coveiro. Quer dizer, algu\u00e9m n\u00e3o se condoer com isso, n\u00e3o se emocionar com isso\u2026 Me parece que pelo menos \u00e9 algu\u00e9m diferente de mim.<\/p>\n\n\n\n<p>Eu tenho uma m\u00e1xima: na minha vida, quando eu me emociono, eu choro. Na pol\u00edtica, quem chora \u00e9 quem me enfrenta.<\/p>\n\n\n\n<p><strong>BBC News Brasil &#8211; O senhor est\u00e1 no segundo mandato como prefeito, foi deputado v\u00e1rias vezes, foi senador, foi ministro de Estado, representando tamb\u00e9m de alguma maneira a sua regi\u00e3o. Qual \u00e9 sua autocr\u00edtica neste momento de colapso?<\/strong><\/p>\n\n\n\n<p><strong>Virg\u00edlio Neto&nbsp;<\/strong>&#8211; Eu n\u00e3o sei como come\u00e7ou o primeiro caso. Teoricamente, tinha que ser detectado pela rede prim\u00e1ria. Mas pode ter sido algu\u00e9m que sentiu uma gripe, se automedicou, contagiou a fam\u00edlia toda. Eu n\u00e3o sei te contar essa hist\u00f3ria.<\/p>\n\n\n\n<p>Uma autocr\u00edtica que fiz ontem com o secret\u00e1rio de Sa\u00fade: n\u00f3s n\u00e3o fal\u00e1vamos em dengue aqui desde o final do primeiro ano do governo. Agora \u00e9 \u00e9poca de dengue aqui e uma pessoa acusou dengue outro dia.<\/p>\n\n\n\n<p>Eu acho que n\u00f3s demos uma certa relaxada, na obsess\u00e3o de enfrentar o corona, em rela\u00e7\u00e3o a outras doen\u00e7as, endemias ou n\u00e3o. E a obsess\u00e3o nossa ficou durante esse tempo inteiro covid, covid, covid, e abrimos espa\u00e7o para termos um caso de dengue.<\/p>\n","protected":false},"excerpt":{"rendered":"<p>O prefeito de Manaus, Arthur Virg\u00edlio Neto (PSDB), foi \u00e0s l\u00e1grimas mais uma vez ao descrever a situa\u00e7\u00e3o dram\u00e1tica enfrentada pela maior cidade da Amaz\u00f4nia&hellip; <\/p>\n","protected":false},"author":1,"featured_media":168361,"comment_status":"closed","ping_status":"closed","sticky":false,"template":"","format":"standard","meta":{"sfsi_plus_gutenberg_text_before_share":"","sfsi_plus_gutenberg_show_text_before_share":"","sfsi_plus_gutenberg_icon_type":"","sfsi_plus_gutenberg_icon_alignemt":"","sfsi_plus_gutenburg_max_per_row":"","footnotes":""},"categories":[6,50],"tags":[],"class_list":["post-168358","post","type-post","status-publish","format-standard","has-post-thumbnail","hentry","category-cidades","category-destaque"],"_links":{"self":[{"href":"https:\/\/www.caririemacao.com\/1\/wp-json\/wp\/v2\/posts\/168358","targetHints":{"allow":["GET"]}}],"collection":[{"href":"https:\/\/www.caririemacao.com\/1\/wp-json\/wp\/v2\/posts"}],"about":[{"href":"https:\/\/www.caririemacao.com\/1\/wp-json\/wp\/v2\/types\/post"}],"author":[{"embeddable":true,"href":"https:\/\/www.caririemacao.com\/1\/wp-json\/wp\/v2\/users\/1"}],"replies":[{"embeddable":true,"href":"https:\/\/www.caririemacao.com\/1\/wp-json\/wp\/v2\/comments?post=168358"}],"version-history":[{"count":1,"href":"https:\/\/www.caririemacao.com\/1\/wp-json\/wp\/v2\/posts\/168358\/revisions"}],"predecessor-version":[{"id":168362,"href":"https:\/\/www.caririemacao.com\/1\/wp-json\/wp\/v2\/posts\/168358\/revisions\/168362"}],"wp:featuredmedia":[{"embeddable":true,"href":"https:\/\/www.caririemacao.com\/1\/wp-json\/wp\/v2\/media\/168361"}],"wp:attachment":[{"href":"https:\/\/www.caririemacao.com\/1\/wp-json\/wp\/v2\/media?parent=168358"}],"wp:term":[{"taxonomy":"category","embeddable":true,"href":"https:\/\/www.caririemacao.com\/1\/wp-json\/wp\/v2\/categories?post=168358"},{"taxonomy":"post_tag","embeddable":true,"href":"https:\/\/www.caririemacao.com\/1\/wp-json\/wp\/v2\/tags?post=168358"}],"curies":[{"name":"wp","href":"https:\/\/api.w.org\/{rel}","templated":true}]}}