{"id":168370,"date":"2020-05-09T06:11:27","date_gmt":"2020-05-09T09:11:27","guid":{"rendered":"https:\/\/www.caririemacao.com\/1\/?p=168370"},"modified":"2020-05-09T06:11:27","modified_gmt":"2020-05-09T09:11:27","slug":"morre-em-joao-pessoa-ex-deputada-federal-da-paraiba","status":"publish","type":"post","link":"https:\/\/www.caririemacao.com\/1\/2020\/05\/09\/morre-em-joao-pessoa-ex-deputada-federal-da-paraiba\/","title":{"rendered":"Morre em Jo\u00e3o Pessoa ex-deputada federal da Para\u00edba"},"content":{"rendered":"\n<h1 class=\"wp-block-heading\"><\/h1>\n\n\n\n<p>Morreu&nbsp; na tarde desta sexta-feira (8), aos 85, a ex-deputada federal e estadual, L\u00facia Braga.&nbsp;Ela estava internada no Hospital Nossa Senhora das Neves, em Jo\u00e3o Pessoa, desde a semana passada. A suspeita inicial era coronav\u00edrus, mas&nbsp; exame deu negativo. A causa morte, segundo informou um familiar, foi infec\u00e7\u00e3o urin\u00e1ria.<\/p>\n\n\n\n<p>L\u00facia Braga era casada com o ex-governador do Estado, Wilson Braga, que tamb\u00e9m se encontra internado no mesmo hospital com suspeita de tamb\u00e9m ter contra\u00eddo coronav\u00edrus.&nbsp;Quando Wilson Braga foi governador, a ent\u00e3o primeira-dama teve grande destaque no trabalho social para constru\u00e7\u00e3o de moradias aos mais carentes.<\/p>\n\n\n\n<div class=\"wp-block-image\"><figure class=\"aligncenter\"><img decoding=\"async\" data-src=\"https:\/\/paraibaonline.com.br\/wp-content\/uploads\/2020\/05\/lucia-braga2.jpg\" alt=\"Para\u00edba Online \u2022 Morre em Jo\u00e3o Pessoa ex-deputada federal da Para\u00edba\" class=\"wp-image-855270 lazyload\" title=\"Para\u00edba Online \u2022 Morre em Jo\u00e3o Pessoa ex-deputada federal da Para\u00edba\" src=\"data:image\/svg+xml;base64,PHN2ZyB3aWR0aD0iMSIgaGVpZ2h0PSIxIiB4bWxucz0iaHR0cDovL3d3dy53My5vcmcvMjAwMC9zdmciPjwvc3ZnPg==\" \/><\/figure><\/div>\n\n\n\n<p>A mulher politizada era&nbsp;formada em Servi\u00e7o Social em 1959,&nbsp; pela Universidade Federal da Para\u00edba e em Direito em 1973, pela Associa\u00e7\u00e3o de Ensino Unificado do Distrito Federal. Exerceu fun\u00e7\u00f5es no Servi\u00e7o Social da Ind\u00fastria e no Instituto Nacional da Previd\u00eancia Social (INPS) durante sua estadia em Jo\u00e3o Pessoa at\u00e9 ser nomeada para uma assessoria na C\u00e2mara dos Deputados por indica\u00e7\u00e3o de seu marido, Wilson Braga, que ap\u00f3s eleger-se governador da Para\u00edba em 1982 nomeou-a presidente da Funda\u00e7\u00e3o Social do Trabalho em Jo\u00e3o Pessoa.<\/p>\n\n\n\n<p>L\u00facia entrou para a pol\u00edtica filiada ao&nbsp;PFL, pelo qual foi eleita a primeira mulher deputada federal pela Para\u00edba em 1986, e comp\u00f4s a bancada feminina e participou da Assembleia Nacional Constituinte que elaborou a Constitui\u00e7\u00e3o de 1988 e naquele mesmo ano transferiu-se para o PDT pelo qual foi reeleita em 1990 votando a favor do impeachment de Fernando Collor em 1992.<\/p>\n\n\n\n<p>Ela tamb\u00e9m se filiou&nbsp;nos anos seguintes ao PSB e PSL onde foi eleita deputada estadual em 1998 disputando sua \u00faltima elei\u00e7\u00e3o em 2002 quando foi eleita deputada federal pelo PSD.<\/p>\n","protected":false},"excerpt":{"rendered":"<p>Morreu&nbsp; na tarde desta sexta-feira (8), aos 85, a ex-deputada federal e estadual, L\u00facia Braga.&nbsp;Ela estava internada no Hospital Nossa Senhora das Neves, em Jo\u00e3o&hellip; <\/p>\n","protected":false},"author":2,"featured_media":168371,"comment_status":"closed","ping_status":"closed","sticky":false,"template":"","format":"standard","meta":{"sfsi_plus_gutenberg_text_before_share":"","sfsi_plus_gutenberg_show_text_before_share":"","sfsi_plus_gutenberg_icon_type":"","sfsi_plus_gutenberg_icon_alignemt":"","sfsi_plus_gutenburg_max_per_row":"","footnotes":""},"categories":[2],"tags":[],"class_list":["post-168370","post","type-post","status-publish","format-standard","has-post-thumbnail","hentry","category-geral"],"_links":{"self":[{"href":"https:\/\/www.caririemacao.com\/1\/wp-json\/wp\/v2\/posts\/168370","targetHints":{"allow":["GET"]}}],"collection":[{"href":"https:\/\/www.caririemacao.com\/1\/wp-json\/wp\/v2\/posts"}],"about":[{"href":"https:\/\/www.caririemacao.com\/1\/wp-json\/wp\/v2\/types\/post"}],"author":[{"embeddable":true,"href":"https:\/\/www.caririemacao.com\/1\/wp-json\/wp\/v2\/users\/2"}],"replies":[{"embeddable":true,"href":"https:\/\/www.caririemacao.com\/1\/wp-json\/wp\/v2\/comments?post=168370"}],"version-history":[{"count":1,"href":"https:\/\/www.caririemacao.com\/1\/wp-json\/wp\/v2\/posts\/168370\/revisions"}],"predecessor-version":[{"id":168372,"href":"https:\/\/www.caririemacao.com\/1\/wp-json\/wp\/v2\/posts\/168370\/revisions\/168372"}],"wp:featuredmedia":[{"embeddable":true,"href":"https:\/\/www.caririemacao.com\/1\/wp-json\/wp\/v2\/media\/168371"}],"wp:attachment":[{"href":"https:\/\/www.caririemacao.com\/1\/wp-json\/wp\/v2\/media?parent=168370"}],"wp:term":[{"taxonomy":"category","embeddable":true,"href":"https:\/\/www.caririemacao.com\/1\/wp-json\/wp\/v2\/categories?post=168370"},{"taxonomy":"post_tag","embeddable":true,"href":"https:\/\/www.caririemacao.com\/1\/wp-json\/wp\/v2\/tags?post=168370"}],"curies":[{"name":"wp","href":"https:\/\/api.w.org\/{rel}","templated":true}]}}