{"id":168375,"date":"2020-05-09T06:38:08","date_gmt":"2020-05-09T09:38:08","guid":{"rendered":"https:\/\/www.caririemacao.com\/1\/?p=168375"},"modified":"2020-05-09T06:38:08","modified_gmt":"2020-05-09T09:38:08","slug":"paraiba-ultrapassa-marca-de-2-mil-casos-confirmados-de-coronavirus","status":"publish","type":"post","link":"https:\/\/www.caririemacao.com\/1\/2020\/05\/09\/paraiba-ultrapassa-marca-de-2-mil-casos-confirmados-de-coronavirus\/","title":{"rendered":"Para\u00edba ultrapassa marca de 2 mil casos confirmados de coronav\u00edrus"},"content":{"rendered":"\n<h1 class=\"wp-block-heading\"><\/h1>\n\n\n\n<p>De acordo com informa\u00e7\u00f5es da Secretaria de Estado da Sa\u00fade, o n\u00famero de casos confirmados de coronav\u00edrus na Para\u00edba chegou ao total de 2.030.<\/p>\n\n\n\n<p>Em boletim divulgado nesta sexta-feira (7), h\u00e1 o indicativo de 181 novos casos de Covid-19 e 3 \u00f3bitos causados pela doen\u00e7a nas \u00faltimas 24 horas.<\/p>\n\n\n\n<p>Do total de casos, 114 faleceram e 490 j\u00e1 se recuperaram, segundo informa\u00e7\u00f5es obtidas pela secretaria estadual juntamente \u00e0s Secretarias Municipais de Sa\u00fade.<\/p>\n\n\n\n<p>2.414 casos foram descartados.<\/p>\n\n\n\n<p>Consta tamb\u00e9m a informa\u00e7\u00e3o de que o \u00edndice de isolamento social no Estado chegou a 43,5%, quando o recomendado \u00e9 70%.<\/p>\n\n\n\n<p>Ainda no boletim, \u00e9 poss\u00edvel identificar que o munic\u00edpio de Jo\u00e3o Pessoa apresenta a maior quantidade de casos notificados pela doen\u00e7a, 1.062 ao todo.<\/p>\n\n\n\n<p>A Secretaria da Sa\u00fade acrescenta que dos leitos de UTI para adultos ativados na Regi\u00e3o Metropolitana de Jo\u00e3o Pessoa, 84% est\u00e3o ocupados.<\/p>\n\n\n\n<p>Os casos confirmados est\u00e3o em 92 munic\u00edpios paraibanos:<\/p>\n\n\n\n<p>Alagoa Grande (6); Alagoa Nova (1); Alagoinha (3); Alhandra (24); Ara\u00e7agi (4); Areia (3); Baia da Trai\u00e7\u00e3o ( 4); Bananeiras (1); Barra de S\u00e3o Miguel (1); Bayeux (62); Bom Jesus (1); Boqueir\u00e3o (1); Borborema (1); Brejo do Cruz (1); Caapor\u00e3 (33); Cabedelo (82); Cai\u00e7ara (1); Cajazeiras (18); Cajazeirinhas (1) Campina Grande (89); Capim (1); Casserengue (1); Catingueira (1); Condado (11); Conde (19); Congo (2); Coremas (3); Coxixola (3); Cruz do Esp\u00edrito Santo (13); Cuiteg\u00ed (2), Esperan\u00e7a (4); Guarabira (60); Gurinh\u00e9m (4); Igaracy (1); Imaculada (3); Itabaiana (7); Itaporanga (2); Itapororoca (4); Jo\u00e3o Pessoa (1062); Juazeirinho (1); Junco do Serid\u00f3 (3); Juripiranga (4); Lagoa Seca (2); Lucena (11); Mamanguape (6); Mari (15); Mariz\u00f3polis (3); Massaranduba (1); Mataraca (1); Matinhas (1) Monteiro (2); Mulungu (3); Nova Floresta (1) Patos (65); Pedras de Fogo (18); Pianc\u00f3 (3); Pilar (5); Pil\u00f5es (1); Pil\u00f5ezinhos (5); Pirpirituba (2); Pitimbu (7); Pocinhos (1); Pombal (2); Princesa Isabel (3); Queimadas (3); Rem\u00edgio (5); Riach\u00e3o do Bacamarte (1); Riach\u00e3o Po\u00e7o (1); Riacho dos Cavalos (1); Rio Tinto (12); Santa Helena (1); Santa Luzia (1); Santa Rita (169); Santar\u00e9m (1); S\u00e3o Bento (6); S\u00e3o Jo\u00e3o do Rio do Peixe (6); S\u00e3o Jos\u00e9 de Espinharas (1); S\u00e3o Jos\u00e9 de Piranhas (1); S\u00e3o Jos\u00e9 do Bonfim (1); S\u00e3o Miguel de Taipu (2); Sebasti\u00e3o de Lagoa de Ro\u00e7a (3); Sap\u00e9 (60); Serra Branca (1); Serra da Ra\u00edz (2); Serra Redonda (1); Sert\u00e3ozinho (2); Sobrado (1); Sousa (22); Tapero\u00e1 (16); Teixeira (1); Uirauna (1); Umbuzeiro (2).<\/p>\n\n\n\n<p>Nas \u00faltimas 24h, foram registrados 3 \u00f3bitos:<\/p>\n\n\n\n<p>Homem, idoso, 78 anos, sem comorbidade residente em Jo\u00e3o Pessoa, in\u00edcio dos sintomas no dia 27\/04\/2020, \u00f3bito ocorrido em UPA Municipal no dia 07\/05\/2020.<\/p>\n\n\n\n<p>Mulher, idosa, 64 anos, com comorbidade, Problema Renal, Diab\u00e9tica residente em Cabedelo, in\u00edcio dos sintomas no dia 24\/04\/2020, internada em hospital p\u00fablico e veio a \u00f3bito no dia 08\/05\/2020.<\/p>\n\n\n\n<p>Homem, idoso, 66 anos, sem comorbidade at\u00e9 o momento da investiga\u00e7\u00e3o, Residente em Santa Rita, in\u00edcio dos sintomas no dia 27\/04\/2020, interno em hospital p\u00fablico e veio a \u00f3bito no dia 07\/05\/2020.<\/p>\n\n\n\n<p>Os dados epidemiol\u00f3gicos e de ocupa\u00e7\u00e3o de leitos podem ser acompanhados em&nbsp;<a href=\"http:\/\/paraiba.pb.gov.br\/coronavirus\" target=\"_blank\" rel=\"noreferrer noopener\">paraiba.pb.gov.br\/coronavirus<\/a>.<\/p>\n","protected":false},"excerpt":{"rendered":"<p>De acordo com informa\u00e7\u00f5es da Secretaria de Estado da Sa\u00fade, o n\u00famero de casos confirmados de coronav\u00edrus na Para\u00edba chegou ao total de 2.030. Em&hellip; <\/p>\n","protected":false},"author":2,"featured_media":168376,"comment_status":"closed","ping_status":"closed","sticky":false,"template":"","format":"standard","meta":{"sfsi_plus_gutenberg_text_before_share":"","sfsi_plus_gutenberg_show_text_before_share":"","sfsi_plus_gutenberg_icon_type":"","sfsi_plus_gutenberg_icon_alignemt":"","sfsi_plus_gutenburg_max_per_row":"","footnotes":""},"categories":[2],"tags":[],"class_list":["post-168375","post","type-post","status-publish","format-standard","has-post-thumbnail","hentry","category-geral"],"_links":{"self":[{"href":"https:\/\/www.caririemacao.com\/1\/wp-json\/wp\/v2\/posts\/168375","targetHints":{"allow":["GET"]}}],"collection":[{"href":"https:\/\/www.caririemacao.com\/1\/wp-json\/wp\/v2\/posts"}],"about":[{"href":"https:\/\/www.caririemacao.com\/1\/wp-json\/wp\/v2\/types\/post"}],"author":[{"embeddable":true,"href":"https:\/\/www.caririemacao.com\/1\/wp-json\/wp\/v2\/users\/2"}],"replies":[{"embeddable":true,"href":"https:\/\/www.caririemacao.com\/1\/wp-json\/wp\/v2\/comments?post=168375"}],"version-history":[{"count":1,"href":"https:\/\/www.caririemacao.com\/1\/wp-json\/wp\/v2\/posts\/168375\/revisions"}],"predecessor-version":[{"id":168377,"href":"https:\/\/www.caririemacao.com\/1\/wp-json\/wp\/v2\/posts\/168375\/revisions\/168377"}],"wp:featuredmedia":[{"embeddable":true,"href":"https:\/\/www.caririemacao.com\/1\/wp-json\/wp\/v2\/media\/168376"}],"wp:attachment":[{"href":"https:\/\/www.caririemacao.com\/1\/wp-json\/wp\/v2\/media?parent=168375"}],"wp:term":[{"taxonomy":"category","embeddable":true,"href":"https:\/\/www.caririemacao.com\/1\/wp-json\/wp\/v2\/categories?post=168375"},{"taxonomy":"post_tag","embeddable":true,"href":"https:\/\/www.caririemacao.com\/1\/wp-json\/wp\/v2\/tags?post=168375"}],"curies":[{"name":"wp","href":"https:\/\/api.w.org\/{rel}","templated":true}]}}