{"id":168379,"date":"2020-05-09T06:46:08","date_gmt":"2020-05-09T09:46:08","guid":{"rendered":"https:\/\/www.caririemacao.com\/1\/?p=168379"},"modified":"2020-05-09T06:46:08","modified_gmt":"2020-05-09T09:46:08","slug":"governador-sobre-flexibilizacao-do-comercio-nao-ha-a-minima-condicao","status":"publish","type":"post","link":"https:\/\/www.caririemacao.com\/1\/2020\/05\/09\/governador-sobre-flexibilizacao-do-comercio-nao-ha-a-minima-condicao\/","title":{"rendered":"Governador sobre flexibiliza\u00e7\u00e3o do com\u00e9rcio: n\u00e3o h\u00e1 a m\u00ednima condi\u00e7\u00e3o"},"content":{"rendered":"\n<h1 class=\"wp-block-heading\"><\/h1>\n\n\n\n<p>O governador da Para\u00edba, Jo\u00e3o Azev\u00eado (Cidadania), lamentou durante entrevista nesta sexta-feira (08) o registro de dez mortes decorrentes da Covid-19, doen\u00e7a provocada pelo novo coronav\u00edrus nas \u00faltimas 24 horas no Estado.<\/p>\n\n\n\n<p>O gestor mostrou-se preocupado com cen\u00e1rio de ascens\u00e3o da curva epidemiol\u00f3gica da doen\u00e7a na Para\u00edba e afirmou que, diante da realidade, n\u00e3o tem como neste momento flexibilizar a reabertura do com\u00e9rcio.<\/p>\n\n\n\n<p>\u2013 Estamos numa curva ascendente. Ontem tivemos dez \u00f3bitos. No momento em que estamos n\u00e3o h\u00e1 a m\u00ednima possibilidade de fazer qualquer flexibiliza\u00e7\u00e3o das atividades econ\u00f4micas \u2013 frisou.<\/p>\n","protected":false},"excerpt":{"rendered":"<p>O governador da Para\u00edba, Jo\u00e3o Azev\u00eado (Cidadania), lamentou durante entrevista nesta sexta-feira (08) o registro de dez mortes decorrentes da Covid-19, doen\u00e7a provocada pelo novo&hellip; <\/p>\n","protected":false},"author":2,"featured_media":168380,"comment_status":"closed","ping_status":"closed","sticky":false,"template":"","format":"standard","meta":{"sfsi_plus_gutenberg_text_before_share":"","sfsi_plus_gutenberg_show_text_before_share":"","sfsi_plus_gutenberg_icon_type":"","sfsi_plus_gutenberg_icon_alignemt":"","sfsi_plus_gutenburg_max_per_row":"","footnotes":""},"categories":[11],"tags":[],"class_list":["post-168379","post","type-post","status-publish","format-standard","has-post-thumbnail","hentry","category-politica"],"_links":{"self":[{"href":"https:\/\/www.caririemacao.com\/1\/wp-json\/wp\/v2\/posts\/168379","targetHints":{"allow":["GET"]}}],"collection":[{"href":"https:\/\/www.caririemacao.com\/1\/wp-json\/wp\/v2\/posts"}],"about":[{"href":"https:\/\/www.caririemacao.com\/1\/wp-json\/wp\/v2\/types\/post"}],"author":[{"embeddable":true,"href":"https:\/\/www.caririemacao.com\/1\/wp-json\/wp\/v2\/users\/2"}],"replies":[{"embeddable":true,"href":"https:\/\/www.caririemacao.com\/1\/wp-json\/wp\/v2\/comments?post=168379"}],"version-history":[{"count":1,"href":"https:\/\/www.caririemacao.com\/1\/wp-json\/wp\/v2\/posts\/168379\/revisions"}],"predecessor-version":[{"id":168381,"href":"https:\/\/www.caririemacao.com\/1\/wp-json\/wp\/v2\/posts\/168379\/revisions\/168381"}],"wp:featuredmedia":[{"embeddable":true,"href":"https:\/\/www.caririemacao.com\/1\/wp-json\/wp\/v2\/media\/168380"}],"wp:attachment":[{"href":"https:\/\/www.caririemacao.com\/1\/wp-json\/wp\/v2\/media?parent=168379"}],"wp:term":[{"taxonomy":"category","embeddable":true,"href":"https:\/\/www.caririemacao.com\/1\/wp-json\/wp\/v2\/categories?post=168379"},{"taxonomy":"post_tag","embeddable":true,"href":"https:\/\/www.caririemacao.com\/1\/wp-json\/wp\/v2\/tags?post=168379"}],"curies":[{"name":"wp","href":"https:\/\/api.w.org\/{rel}","templated":true}]}}