{"id":168387,"date":"2020-05-09T06:52:21","date_gmt":"2020-05-09T09:52:21","guid":{"rendered":"https:\/\/www.caririemacao.com\/1\/?p=168387"},"modified":"2020-05-09T06:52:21","modified_gmt":"2020-05-09T09:52:21","slug":"foto-de-sikera-jr-acamado-com-saude-debilitada-e-mascara-de-oxigenio-preocupa-fas","status":"publish","type":"post","link":"https:\/\/www.caririemacao.com\/1\/2020\/05\/09\/foto-de-sikera-jr-acamado-com-saude-debilitada-e-mascara-de-oxigenio-preocupa-fas\/","title":{"rendered":"Foto de Sik\u00eara Jr. acamado com sa\u00fade debilitada e m\u00e1scara de oxig\u00eanio preocupa f\u00e3s"},"content":{"rendered":"\n<h1 class=\"wp-block-heading\"><\/h1>\n\n\n\n<p>Uma suposta foto de Sik\u00eara Jr., apresentador do \u2018Alerta Nacional\u2018, da RedeTV!, tem circulado em grupos de WhatsApp, e em outras redes sociais tamb\u00e9m. Na imagem em quest\u00e3o, ele aparece deitado em uma cama e com m\u00e1scara de oxig\u00eanio, que acabou deixando seus f\u00e3s preocupados. De acordo com informa\u00e7\u00f5es do colunista Leo Dias, do UOL, quem aparece na foto realmente \u00e9 Sik\u00eara Jr. e a publica\u00e7\u00e3o teria sido autorizada pela assessoria de imprensa do comunicador.<\/p>\n\n\n\n<p>Apesar disso, Wallacy Bruno, amigo e assessor de Sik\u00eara, informa que o registro n\u00e3o \u00e9 recente. \u201cPela foto deve ser da semana passada\u201d, disse. O assessor ainda informa que o pior per\u00edodo da doen\u00e7a j\u00e1 passou e que agora Sik\u00eara se recupera bem em casa: \u201cEle est\u00e1 bem. J\u00e1 passou o per\u00edodo da doen\u00e7a, mas segue se recuperando. O Sik\u00eara n\u00e3o estava usando respirador, apenas uma m\u00e1scara de oxig\u00eanio porque estava ficando cansado muito f\u00e1cil\u201d.<\/p>\n","protected":false},"excerpt":{"rendered":"<p>Uma suposta foto de Sik\u00eara Jr., apresentador do \u2018Alerta Nacional\u2018, da RedeTV!, tem circulado em grupos de WhatsApp, e em outras redes sociais tamb\u00e9m. Na&hellip; <\/p>\n","protected":false},"author":2,"featured_media":168388,"comment_status":"closed","ping_status":"closed","sticky":false,"template":"","format":"standard","meta":{"sfsi_plus_gutenberg_text_before_share":"","sfsi_plus_gutenberg_show_text_before_share":"","sfsi_plus_gutenberg_icon_type":"","sfsi_plus_gutenberg_icon_alignemt":"","sfsi_plus_gutenburg_max_per_row":"","footnotes":""},"categories":[50,2],"tags":[],"class_list":["post-168387","post","type-post","status-publish","format-standard","has-post-thumbnail","hentry","category-destaque","category-geral"],"_links":{"self":[{"href":"https:\/\/www.caririemacao.com\/1\/wp-json\/wp\/v2\/posts\/168387","targetHints":{"allow":["GET"]}}],"collection":[{"href":"https:\/\/www.caririemacao.com\/1\/wp-json\/wp\/v2\/posts"}],"about":[{"href":"https:\/\/www.caririemacao.com\/1\/wp-json\/wp\/v2\/types\/post"}],"author":[{"embeddable":true,"href":"https:\/\/www.caririemacao.com\/1\/wp-json\/wp\/v2\/users\/2"}],"replies":[{"embeddable":true,"href":"https:\/\/www.caririemacao.com\/1\/wp-json\/wp\/v2\/comments?post=168387"}],"version-history":[{"count":1,"href":"https:\/\/www.caririemacao.com\/1\/wp-json\/wp\/v2\/posts\/168387\/revisions"}],"predecessor-version":[{"id":168389,"href":"https:\/\/www.caririemacao.com\/1\/wp-json\/wp\/v2\/posts\/168387\/revisions\/168389"}],"wp:featuredmedia":[{"embeddable":true,"href":"https:\/\/www.caririemacao.com\/1\/wp-json\/wp\/v2\/media\/168388"}],"wp:attachment":[{"href":"https:\/\/www.caririemacao.com\/1\/wp-json\/wp\/v2\/media?parent=168387"}],"wp:term":[{"taxonomy":"category","embeddable":true,"href":"https:\/\/www.caririemacao.com\/1\/wp-json\/wp\/v2\/categories?post=168387"},{"taxonomy":"post_tag","embeddable":true,"href":"https:\/\/www.caririemacao.com\/1\/wp-json\/wp\/v2\/tags?post=168387"}],"curies":[{"name":"wp","href":"https:\/\/api.w.org\/{rel}","templated":true}]}}