{"id":168391,"date":"2020-05-09T06:54:24","date_gmt":"2020-05-09T09:54:24","guid":{"rendered":"https:\/\/www.caririemacao.com\/1\/?p=168391"},"modified":"2020-05-09T06:54:24","modified_gmt":"2020-05-09T09:54:24","slug":"uso-de-mascara-em-voos-passa-a-ser-obrigatorio-no-brasil","status":"publish","type":"post","link":"https:\/\/www.caririemacao.com\/1\/2020\/05\/09\/uso-de-mascara-em-voos-passa-a-ser-obrigatorio-no-brasil\/","title":{"rendered":"Uso de m\u00e1scara em voos passa a ser obrigat\u00f3rio no Brasil"},"content":{"rendered":"\n<h1 class=\"wp-block-heading\"><\/h1>\n\n\n\n<p>As companhias a\u00e9reas Latam, Gol e Azul passaram a exigir que todos os passageiros usem m\u00e1scaras durante os voos. O objetivo \u00e9 evitar a dissemina\u00e7\u00e3o do novo coronav\u00edrus nos avi\u00f5es durante as viagens. De acordo com a assessoria de imprensa da Azul, o uso de m\u00e1scaras j\u00e1 \u00e9 obrigat\u00f3rio nos voos da companhia desde essa sexta-feira, j\u00e1 a&nbsp;GOL Linhas A\u00e9reas refor\u00e7a que a partir deste domingo (10) passa a solicitar a utiliza\u00e7\u00e3o de m\u00e1scaras por todos os seus clientes em todos os voos em opera\u00e7\u00e3o.<\/p>\n\n\n\n<p>O uso de luvas e m\u00e1scaras j\u00e1 vinham sendo obrigat\u00f3rio aos colaboradores de ar e solo, al\u00e9m de a Companhia deixar \u00e0 disposi\u00e7\u00e3o, nas aeronaves, \u00e1lcool em gel para todos.<\/p>\n\n\n\n<p>A utiliza\u00e7\u00e3o de m\u00e1scaras passa a ser uma quest\u00e3o de seguran\u00e7a coletiva, mais do que uma decis\u00e3o individual. O objetivo maior,&nbsp;\u00e9 que todos a bordo tenham uma experi\u00eancia segura e agrad\u00e1vel no espa\u00e7o compartilhado que caracteriza uma aeronave.<\/p>\n\n\n\n<p>As companhias aereas, ainda alerta para o uso das plataformas digitais como forma de diminuir as aglomera\u00e7\u00f5es nos aeroportos. Os usu\u00e1rios devem antes de viajar&nbsp;utilizar os canais digitais para emiss\u00e3o de bilhetes, check-in e tirar d\u00favidas nos pr\u00f3prios sites.<\/p>\n","protected":false},"excerpt":{"rendered":"<p>As companhias a\u00e9reas Latam, Gol e Azul passaram a exigir que todos os passageiros usem m\u00e1scaras durante os voos. O objetivo \u00e9 evitar a dissemina\u00e7\u00e3o&hellip; <\/p>\n","protected":false},"author":2,"featured_media":168392,"comment_status":"closed","ping_status":"closed","sticky":false,"template":"","format":"standard","meta":{"sfsi_plus_gutenberg_text_before_share":"","sfsi_plus_gutenberg_show_text_before_share":"","sfsi_plus_gutenberg_icon_type":"","sfsi_plus_gutenberg_icon_alignemt":"","sfsi_plus_gutenburg_max_per_row":"","footnotes":""},"categories":[50,2],"tags":[],"class_list":["post-168391","post","type-post","status-publish","format-standard","has-post-thumbnail","hentry","category-destaque","category-geral"],"_links":{"self":[{"href":"https:\/\/www.caririemacao.com\/1\/wp-json\/wp\/v2\/posts\/168391","targetHints":{"allow":["GET"]}}],"collection":[{"href":"https:\/\/www.caririemacao.com\/1\/wp-json\/wp\/v2\/posts"}],"about":[{"href":"https:\/\/www.caririemacao.com\/1\/wp-json\/wp\/v2\/types\/post"}],"author":[{"embeddable":true,"href":"https:\/\/www.caririemacao.com\/1\/wp-json\/wp\/v2\/users\/2"}],"replies":[{"embeddable":true,"href":"https:\/\/www.caririemacao.com\/1\/wp-json\/wp\/v2\/comments?post=168391"}],"version-history":[{"count":1,"href":"https:\/\/www.caririemacao.com\/1\/wp-json\/wp\/v2\/posts\/168391\/revisions"}],"predecessor-version":[{"id":168393,"href":"https:\/\/www.caririemacao.com\/1\/wp-json\/wp\/v2\/posts\/168391\/revisions\/168393"}],"wp:featuredmedia":[{"embeddable":true,"href":"https:\/\/www.caririemacao.com\/1\/wp-json\/wp\/v2\/media\/168392"}],"wp:attachment":[{"href":"https:\/\/www.caririemacao.com\/1\/wp-json\/wp\/v2\/media?parent=168391"}],"wp:term":[{"taxonomy":"category","embeddable":true,"href":"https:\/\/www.caririemacao.com\/1\/wp-json\/wp\/v2\/categories?post=168391"},{"taxonomy":"post_tag","embeddable":true,"href":"https:\/\/www.caririemacao.com\/1\/wp-json\/wp\/v2\/tags?post=168391"}],"curies":[{"name":"wp","href":"https:\/\/api.w.org\/{rel}","templated":true}]}}