{"id":168395,"date":"2020-05-09T07:00:07","date_gmt":"2020-05-09T10:00:07","guid":{"rendered":"https:\/\/www.caririemacao.com\/1\/?p=168395"},"modified":"2020-05-09T07:00:07","modified_gmt":"2020-05-09T10:00:07","slug":"moraes-nega-pedido-para-reconsiderar-veto-a-nomeacao-de-ramagem-para-pf","status":"publish","type":"post","link":"https:\/\/www.caririemacao.com\/1\/2020\/05\/09\/moraes-nega-pedido-para-reconsiderar-veto-a-nomeacao-de-ramagem-para-pf\/","title":{"rendered":"Moraes nega pedido para reconsiderar veto \u00e0 nomea\u00e7\u00e3o de Ramagem para PF"},"content":{"rendered":"\n<h1 class=\"wp-block-heading\"><\/h1>\n\n\n\n<p>O magistrado havia impedido a posse do delegado da PF no comando da corpora\u00e7\u00e3o no \u00faltimo dia 29 e, nesta semana, o governo pediu a revis\u00e3o da decis\u00e3o.<\/p>\n\n\n\n<p>Moraes, no entanto, afirmou que, como o decreto de nomea\u00e7\u00e3o foi anulado, o processo perdeu o objeto e n\u00e3o haveria como analisar a mat\u00e9ria.<\/p>\n\n\n\n<p>O presidente Jair Bolsonaro havia indicado Ramagem para chefiar a PF ap\u00f3s Sergio Moro pedir demiss\u00e3o do Minist\u00e9rio da Justi\u00e7a e Seguran\u00e7a P\u00fablica com a acusa\u00e7\u00e3o de que o chefe do Executivo queria trocar o ent\u00e3o diretor-geral da corpora\u00e7\u00e3o, Maur\u00edcio Valeixo, para interferir no trabalho do \u00f3rg\u00e3o.<\/p>\n\n\n\n<p>O objetivo do presidente, segundo o ex-ministro, era botar algu\u00e9m que tivesse contato direto na PF para que pudesse ter acesso a relat\u00f3rios e intelig\u00eancia e a informa\u00e7\u00f5es sobre investiga\u00e7\u00f5es em curso, o que \u00e9 proibido pela lei.<\/p>\n\n\n\n<p>Ramagem conheceu a fam\u00edlia do chefe do Executivo quando fez a seguran\u00e7a de Bolsonaro ap\u00f3s ser eleito presidente. De l\u00e1 para c\u00e1, aproximou-se dos filhos, principalmente do vereador Carlos, que \u00e9 investigado pela PF por articular um esquema de disparo de fake news.<\/p>\n\n\n\n<p>Diante do veto, Ramagem voltou para diretoria da Abin (Ag\u00eancia Brasileira de Intelig\u00eancia), onde estava at\u00e9 ser nomeado para a PF. E, para comandar a Pol\u00edcia Federal, Bolsonaro nomeou o bra\u00e7o direito de Ramagem na ag\u00eancia, Rolando de Souza.<\/p>\n","protected":false},"excerpt":{"rendered":"<p>O magistrado havia impedido a posse do delegado da PF no comando da corpora\u00e7\u00e3o no \u00faltimo dia 29 e, nesta semana, o governo pediu a&hellip; <\/p>\n","protected":false},"author":2,"featured_media":168396,"comment_status":"closed","ping_status":"closed","sticky":false,"template":"","format":"standard","meta":{"sfsi_plus_gutenberg_text_before_share":"","sfsi_plus_gutenberg_show_text_before_share":"","sfsi_plus_gutenberg_icon_type":"","sfsi_plus_gutenberg_icon_alignemt":"","sfsi_plus_gutenburg_max_per_row":"","footnotes":""},"categories":[2],"tags":[],"class_list":["post-168395","post","type-post","status-publish","format-standard","has-post-thumbnail","hentry","category-geral"],"_links":{"self":[{"href":"https:\/\/www.caririemacao.com\/1\/wp-json\/wp\/v2\/posts\/168395","targetHints":{"allow":["GET"]}}],"collection":[{"href":"https:\/\/www.caririemacao.com\/1\/wp-json\/wp\/v2\/posts"}],"about":[{"href":"https:\/\/www.caririemacao.com\/1\/wp-json\/wp\/v2\/types\/post"}],"author":[{"embeddable":true,"href":"https:\/\/www.caririemacao.com\/1\/wp-json\/wp\/v2\/users\/2"}],"replies":[{"embeddable":true,"href":"https:\/\/www.caririemacao.com\/1\/wp-json\/wp\/v2\/comments?post=168395"}],"version-history":[{"count":1,"href":"https:\/\/www.caririemacao.com\/1\/wp-json\/wp\/v2\/posts\/168395\/revisions"}],"predecessor-version":[{"id":168397,"href":"https:\/\/www.caririemacao.com\/1\/wp-json\/wp\/v2\/posts\/168395\/revisions\/168397"}],"wp:featuredmedia":[{"embeddable":true,"href":"https:\/\/www.caririemacao.com\/1\/wp-json\/wp\/v2\/media\/168396"}],"wp:attachment":[{"href":"https:\/\/www.caririemacao.com\/1\/wp-json\/wp\/v2\/media?parent=168395"}],"wp:term":[{"taxonomy":"category","embeddable":true,"href":"https:\/\/www.caririemacao.com\/1\/wp-json\/wp\/v2\/categories?post=168395"},{"taxonomy":"post_tag","embeddable":true,"href":"https:\/\/www.caririemacao.com\/1\/wp-json\/wp\/v2\/tags?post=168395"}],"curies":[{"name":"wp","href":"https:\/\/api.w.org\/{rel}","templated":true}]}}