{"id":168400,"date":"2020-05-09T07:04:31","date_gmt":"2020-05-09T10:04:31","guid":{"rendered":"https:\/\/www.caririemacao.com\/1\/?p=168400"},"modified":"2020-05-09T07:04:31","modified_gmt":"2020-05-09T10:04:31","slug":"paraiba-pode-ter-rodizio-de-veiculos-e-restricao-por-placa-par-e-impar-diz-governador","status":"publish","type":"post","link":"https:\/\/www.caririemacao.com\/1\/2020\/05\/09\/paraiba-pode-ter-rodizio-de-veiculos-e-restricao-por-placa-par-e-impar-diz-governador\/","title":{"rendered":"Para\u00edba pode ter rod\u00edzio de ve\u00edculos e restri\u00e7\u00e3o por placa par e \u00edmpar, diz governador"},"content":{"rendered":"\n<h1 class=\"wp-block-heading\"><\/h1>\n\n\n\n<p>O governador da Para\u00edba, Jo\u00e3o Azev\u00eado, afirmou em entrevista ao programa Arapuan Verdade, da Arapuan FM, nesta sexta-feira (8), que a Para\u00edba poder\u00e1 ter um rod\u00edzio de ve\u00edculos durante a pandemia de covid-19.<\/p>\n\n\n\n<p>Segundo ele, a medida serviria para desestimular as pessoas a sa\u00edrem de casa. Ele citou o exemplo da cidade de S\u00e3o Paulo, onde pistas com cinco faixas est\u00e3o sendo reduzidas para uma faixa s\u00f3. Isso cria um congestionamento que desestimula as pessoas que pensam em sair de casa.<\/p>\n\n\n\n<p>Na Para\u00edba, o rod\u00edzio seria feito com base no n\u00famero final da placa do carro. Placas com final par poderiam sair num dia e placas \u00edmpares no outro. O projeto ainda est\u00e1 em estudo.<\/p>\n","protected":false},"excerpt":{"rendered":"<p>O governador da Para\u00edba, Jo\u00e3o Azev\u00eado, afirmou em entrevista ao programa Arapuan Verdade, da Arapuan FM, nesta sexta-feira (8), que a Para\u00edba poder\u00e1 ter um&hellip; <\/p>\n","protected":false},"author":2,"featured_media":168401,"comment_status":"closed","ping_status":"closed","sticky":false,"template":"","format":"standard","meta":{"sfsi_plus_gutenberg_text_before_share":"","sfsi_plus_gutenberg_show_text_before_share":"","sfsi_plus_gutenberg_icon_type":"","sfsi_plus_gutenberg_icon_alignemt":"","sfsi_plus_gutenburg_max_per_row":"","footnotes":""},"categories":[2],"tags":[],"class_list":["post-168400","post","type-post","status-publish","format-standard","has-post-thumbnail","hentry","category-geral"],"_links":{"self":[{"href":"https:\/\/www.caririemacao.com\/1\/wp-json\/wp\/v2\/posts\/168400","targetHints":{"allow":["GET"]}}],"collection":[{"href":"https:\/\/www.caririemacao.com\/1\/wp-json\/wp\/v2\/posts"}],"about":[{"href":"https:\/\/www.caririemacao.com\/1\/wp-json\/wp\/v2\/types\/post"}],"author":[{"embeddable":true,"href":"https:\/\/www.caririemacao.com\/1\/wp-json\/wp\/v2\/users\/2"}],"replies":[{"embeddable":true,"href":"https:\/\/www.caririemacao.com\/1\/wp-json\/wp\/v2\/comments?post=168400"}],"version-history":[{"count":1,"href":"https:\/\/www.caririemacao.com\/1\/wp-json\/wp\/v2\/posts\/168400\/revisions"}],"predecessor-version":[{"id":168402,"href":"https:\/\/www.caririemacao.com\/1\/wp-json\/wp\/v2\/posts\/168400\/revisions\/168402"}],"wp:featuredmedia":[{"embeddable":true,"href":"https:\/\/www.caririemacao.com\/1\/wp-json\/wp\/v2\/media\/168401"}],"wp:attachment":[{"href":"https:\/\/www.caririemacao.com\/1\/wp-json\/wp\/v2\/media?parent=168400"}],"wp:term":[{"taxonomy":"category","embeddable":true,"href":"https:\/\/www.caririemacao.com\/1\/wp-json\/wp\/v2\/categories?post=168400"},{"taxonomy":"post_tag","embeddable":true,"href":"https:\/\/www.caririemacao.com\/1\/wp-json\/wp\/v2\/tags?post=168400"}],"curies":[{"name":"wp","href":"https:\/\/api.w.org\/{rel}","templated":true}]}}