{"id":168404,"date":"2020-05-09T07:08:48","date_gmt":"2020-05-09T10:08:48","guid":{"rendered":"https:\/\/www.caririemacao.com\/1\/?p=168404"},"modified":"2020-05-09T07:08:48","modified_gmt":"2020-05-09T10:08:48","slug":"joao-azevedo-avalia-que-lockdown-e-medida-para-casos-extremos-evitar-um-colapso-no-sistema-de-saude","status":"publish","type":"post","link":"https:\/\/www.caririemacao.com\/1\/2020\/05\/09\/joao-azevedo-avalia-que-lockdown-e-medida-para-casos-extremos-evitar-um-colapso-no-sistema-de-saude\/","title":{"rendered":"Jo\u00e3o Azev\u00eado avalia que lockdown \u00e9 medida para casos extremos: &#8220;evitar um colapso no sistema de sa\u00fade&#8221;"},"content":{"rendered":"\n<h1 class=\"wp-block-heading\"><\/h1>\n\n\n\n<p>O governador Jo\u00e3o Azev\u00eado relatou, nesta sexta-feira (8), durante entrevista no programa Arapuan Verdade que n\u00e3o descarta a possibilidade de lockdown na Para\u00edba. Segundo ele,&nbsp;se os n\u00fameros de contamina\u00e7\u00e3o da covid-19 permanecerem no ritmo em que est\u00e3o, as cidades com maior \u00edndice de infectados poder\u00e3o adotar a medida radical de isolamento.<\/p>\n\n\n\n<p>A decis\u00e3o ser\u00e1 tomada ap\u00f3s uma reuni\u00e3o&nbsp;com os prefeitos da Regi\u00e3o Metropolitana de Jo\u00e3o Pessoa, que se reunir\u00e1 a partir deste s\u00e1bado (9), para discutir a poss\u00edvel amplia\u00e7\u00e3o de medidas restritivas.&nbsp;<\/p>\n\n\n\n<p>&#8220;N\u00e3o se pode pegar um munic\u00edpio como Igarassu&nbsp;e colocar Lockdown. Esse procedimento \u00e9 para casos de extrema urg\u00eancia quando as cidades chegam a situa\u00e7\u00f5es em que efetivamente estejam pr\u00f3ximo de entrar em colapso no Sistema de Sa\u00fade.&nbsp;<\/p>\n","protected":false},"excerpt":{"rendered":"<p>O governador Jo\u00e3o Azev\u00eado relatou, nesta sexta-feira (8), durante entrevista no programa Arapuan Verdade que n\u00e3o descarta a possibilidade de lockdown na Para\u00edba. Segundo ele,&nbsp;se&hellip; <\/p>\n","protected":false},"author":2,"featured_media":168405,"comment_status":"closed","ping_status":"closed","sticky":false,"template":"","format":"standard","meta":{"sfsi_plus_gutenberg_text_before_share":"","sfsi_plus_gutenberg_show_text_before_share":"","sfsi_plus_gutenberg_icon_type":"","sfsi_plus_gutenberg_icon_alignemt":"","sfsi_plus_gutenburg_max_per_row":"","footnotes":""},"categories":[11],"tags":[],"class_list":["post-168404","post","type-post","status-publish","format-standard","has-post-thumbnail","hentry","category-politica"],"_links":{"self":[{"href":"https:\/\/www.caririemacao.com\/1\/wp-json\/wp\/v2\/posts\/168404","targetHints":{"allow":["GET"]}}],"collection":[{"href":"https:\/\/www.caririemacao.com\/1\/wp-json\/wp\/v2\/posts"}],"about":[{"href":"https:\/\/www.caririemacao.com\/1\/wp-json\/wp\/v2\/types\/post"}],"author":[{"embeddable":true,"href":"https:\/\/www.caririemacao.com\/1\/wp-json\/wp\/v2\/users\/2"}],"replies":[{"embeddable":true,"href":"https:\/\/www.caririemacao.com\/1\/wp-json\/wp\/v2\/comments?post=168404"}],"version-history":[{"count":1,"href":"https:\/\/www.caririemacao.com\/1\/wp-json\/wp\/v2\/posts\/168404\/revisions"}],"predecessor-version":[{"id":168406,"href":"https:\/\/www.caririemacao.com\/1\/wp-json\/wp\/v2\/posts\/168404\/revisions\/168406"}],"wp:featuredmedia":[{"embeddable":true,"href":"https:\/\/www.caririemacao.com\/1\/wp-json\/wp\/v2\/media\/168405"}],"wp:attachment":[{"href":"https:\/\/www.caririemacao.com\/1\/wp-json\/wp\/v2\/media?parent=168404"}],"wp:term":[{"taxonomy":"category","embeddable":true,"href":"https:\/\/www.caririemacao.com\/1\/wp-json\/wp\/v2\/categories?post=168404"},{"taxonomy":"post_tag","embeddable":true,"href":"https:\/\/www.caririemacao.com\/1\/wp-json\/wp\/v2\/tags?post=168404"}],"curies":[{"name":"wp","href":"https:\/\/api.w.org\/{rel}","templated":true}]}}