{"id":168408,"date":"2020-05-09T07:14:45","date_gmt":"2020-05-09T10:14:45","guid":{"rendered":"https:\/\/www.caririemacao.com\/1\/?p=168408"},"modified":"2020-05-09T07:14:45","modified_gmt":"2020-05-09T10:14:45","slug":"governo-recorre-ao-stj-para-bolsonaro-nao-ter-que-entregar-resultado-de-exame-de-coronavirus","status":"publish","type":"post","link":"https:\/\/www.caririemacao.com\/1\/2020\/05\/09\/governo-recorre-ao-stj-para-bolsonaro-nao-ter-que-entregar-resultado-de-exame-de-coronavirus\/","title":{"rendered":"Governo recorre ao STJ para Bolsonaro n\u00e3o ter que entregar resultado de exame de coronav\u00edrus"},"content":{"rendered":"\n<h1 class=\"wp-block-heading\"><\/h1>\n\n\n\n<p>A Advocacia-Geral da Uni\u00e3o (AGU) recorreu ao Superior Tribunal de Justi\u00e7a (STJ) para tentar derrubar as decis\u00f5es do Tribunal Regional Federal da 3\u00aa Regi\u00e3o (TRF-3) e da Justi\u00e7a Federal de S\u00e3o Pauloque que obrigam o presidente Jair Bolsobaro a entregar os resultados dos exames para o coronav\u00edrus.<\/p>\n\n\n\n<p>O caso ser\u00e1 analisado pelo presidente do STJ, ministro Jo\u00e3o Ot\u00e1vio Noronha, a quem cabe analisar esse tipo de recurso (pedido de suspens\u00e3o de decis\u00e3o provis\u00f3ria).<br>A AGU tem defendido que n\u00e3o existe obriga\u00e7\u00e3o legal de apresentar os resultados. Isso porque o fato de um indiv\u00edduo ser presidente da Rep\u00fablica n\u00e3o significa que ele n\u00e3o tenha, tamb\u00e9m, direito \u00e0 intimidade e \u00e0 privacidade, que s\u00e3o direitos individuais, que s\u00e3o cl\u00e1usulas p\u00e9treas da Constitui\u00e7\u00e3o.<\/p>\n\n\n\n<p>Bolsonaro fez exames para a Covid-19, mas tem afirmado que testou negativo. O presidente, no entanto, tem se recusado a mostrar os exames. A Justi\u00e7a Federal de S\u00e3o Paulo determinou na semana passada que o governo entregasse os exames em 48 horas.<\/p>\n\n\n\n<p>A ju\u00edza federal Ana L\u00facia Petri Betto, da 14\u00aa Vara C\u00edvel Federal de S\u00e3o Paulo, considerou que o relat\u00f3rio m\u00e9dico de Bolsonaro apresentado pela AGU \u201cn\u00e3o atendia de forma integral \u00e0 determina\u00e7\u00e3o judicial\u201d que deu acesso ao jornal &#8220;O Estado de S. Paulo&#8221; aos laudos dos exames do presidente para a Covid-19.<\/p>\n\n\n\n<p>O governo recorreu ao TRF-3. No s\u00e1bado (2), a desembargadora que atuava no plant\u00e3o M\u00f4nica Nobre atendeu pedido da AGU e suspendeu a entrega dos exames.<\/p>\n\n\n\n<p>A magistrada deu prazo de cinco dias para o relator do caso analisar e decidir sobre a entrega ou n\u00e3o. Na quarta-feira (6), o desembargador Andr\u00e9 Nabarrete decidiu manter a obriga\u00e7\u00e3o de Bolsonaro entregar \u201cos laudos de todos os exames\u201d.<\/p>\n\n\n\n<p>Nabarrete determinou que a ordem dever\u00e1 ser cumprida com a entrega dos exames em si \u2013 e n\u00e3o de relat\u00f3rios m\u00e9dicos, como foi feito inicialmente pela AGU.<\/p>\n\n\n\n<p>O desembargador afirmou que, dada a import\u00e2ncia do cargo que ocupa para todos os brasileiros e das consequ\u00eancias que contatos pessoais podem provocar, \u00e9 de sumo interesse p\u00fablico que os cidad\u00e3os conhe\u00e7am as condi\u00e7\u00f5es m\u00e9dicas do presidente.<br>\u201cA urg\u00eancia da tutela \u00e9 ineg\u00e1vel, porque o processo pand\u00eamico se desenrola diariamente, com o aumento de mortos e infectados.<\/p>\n\n\n\n<p>A sociedade tem que se certificar que o Sr. Presidente est\u00e1 ou n\u00e3o acometido da doen\u00e7a. N\u00e3o convence, outrossim, o car\u00e1ter satisfativo da medida, dado que o ocultamento da informa\u00e7\u00e3o em nada tranquilizaria a popula\u00e7\u00e3o. A revela\u00e7\u00e3o, de outro lado, seja qual for, daria \u00e0s demais autoridades e aos cidad\u00e3os o conhecimento do estado do Sr. Presidente, cuja integridade f\u00edsica em mental \u00e9 do maior interesse \u00e0 na\u00e7\u00e3o&#8221;, afirmou o desembargador do TRF-3.<\/p>\n","protected":false},"excerpt":{"rendered":"<p>A Advocacia-Geral da Uni\u00e3o (AGU) recorreu ao Superior Tribunal de Justi\u00e7a (STJ) para tentar derrubar as decis\u00f5es do Tribunal Regional Federal da 3\u00aa Regi\u00e3o (TRF-3)&hellip; <\/p>\n","protected":false},"author":2,"featured_media":168409,"comment_status":"closed","ping_status":"closed","sticky":false,"template":"","format":"standard","meta":{"sfsi_plus_gutenberg_text_before_share":"","sfsi_plus_gutenberg_show_text_before_share":"","sfsi_plus_gutenberg_icon_type":"","sfsi_plus_gutenberg_icon_alignemt":"","sfsi_plus_gutenburg_max_per_row":"","footnotes":""},"categories":[2],"tags":[],"class_list":["post-168408","post","type-post","status-publish","format-standard","has-post-thumbnail","hentry","category-geral"],"_links":{"self":[{"href":"https:\/\/www.caririemacao.com\/1\/wp-json\/wp\/v2\/posts\/168408","targetHints":{"allow":["GET"]}}],"collection":[{"href":"https:\/\/www.caririemacao.com\/1\/wp-json\/wp\/v2\/posts"}],"about":[{"href":"https:\/\/www.caririemacao.com\/1\/wp-json\/wp\/v2\/types\/post"}],"author":[{"embeddable":true,"href":"https:\/\/www.caririemacao.com\/1\/wp-json\/wp\/v2\/users\/2"}],"replies":[{"embeddable":true,"href":"https:\/\/www.caririemacao.com\/1\/wp-json\/wp\/v2\/comments?post=168408"}],"version-history":[{"count":1,"href":"https:\/\/www.caririemacao.com\/1\/wp-json\/wp\/v2\/posts\/168408\/revisions"}],"predecessor-version":[{"id":168410,"href":"https:\/\/www.caririemacao.com\/1\/wp-json\/wp\/v2\/posts\/168408\/revisions\/168410"}],"wp:featuredmedia":[{"embeddable":true,"href":"https:\/\/www.caririemacao.com\/1\/wp-json\/wp\/v2\/media\/168409"}],"wp:attachment":[{"href":"https:\/\/www.caririemacao.com\/1\/wp-json\/wp\/v2\/media?parent=168408"}],"wp:term":[{"taxonomy":"category","embeddable":true,"href":"https:\/\/www.caririemacao.com\/1\/wp-json\/wp\/v2\/categories?post=168408"},{"taxonomy":"post_tag","embeddable":true,"href":"https:\/\/www.caririemacao.com\/1\/wp-json\/wp\/v2\/tags?post=168408"}],"curies":[{"name":"wp","href":"https:\/\/api.w.org\/{rel}","templated":true}]}}