{"id":168412,"date":"2020-05-09T07:17:36","date_gmt":"2020-05-09T10:17:36","guid":{"rendered":"https:\/\/www.caririemacao.com\/1\/?p=168412"},"modified":"2020-05-09T07:17:36","modified_gmt":"2020-05-09T10:17:36","slug":"ministerio-publico-arquiva-procedimento-contra-o-prefeito-de-sao-sebastiao-do-umbuzeiro","status":"publish","type":"post","link":"https:\/\/www.caririemacao.com\/1\/2020\/05\/09\/ministerio-publico-arquiva-procedimento-contra-o-prefeito-de-sao-sebastiao-do-umbuzeiro\/","title":{"rendered":"Minist\u00e9rio P\u00fablico arquiva procedimento contra o prefeito de S\u00e3o Sebasti\u00e3o do Umbuzeiro"},"content":{"rendered":"\n<h1 class=\"wp-block-heading\"><\/h1>\n\n\n\n<hr class=\"wp-block-separator\"\/>\n\n\n\n<p>O Minist\u00e9rio P\u00fablico do Estado da Para\u00edba arquivou um procedimento investigat\u00f3rio criminal contra o prefeito do munic\u00edpio de S\u00e3o Sebasti\u00e3o do Umbuzeiro, o qual investigava suposto crime de responsabilidade. O processo tramita na tramita\u00e7\u00e3o na Comiss\u00e3o de Combate aos Crimes de Responsabilidade e \u00e0 Improbidade Administrativa \u2013 CCRIMP, em Jo\u00e3o Pessoa.<\/p>\n\n\n\n<p>O Promotor que acompanha o caso decidiu pelo o arquivamento do procedimento por falta de provas contra o gestor.<\/p>\n\n\n\n<p>O prefeito Adriano Wolff afirmou que j\u00e1 esperava pelo o arquivamento da investiga\u00e7\u00e3o, haja vista, que n\u00e3o havia cometido o crime apontado, e que preza por administrar o munic\u00edpio baseado nos princ\u00edpios constitucionais que regem a administra\u00e7\u00e3o p\u00fabica e cumprindo com a legisla\u00e7\u00e3o. (Com Cariri Da Gente<\/p>\n","protected":false},"excerpt":{"rendered":"<p>O Minist\u00e9rio P\u00fablico do Estado da Para\u00edba arquivou um procedimento investigat\u00f3rio criminal contra o prefeito do munic\u00edpio de S\u00e3o Sebasti\u00e3o do Umbuzeiro, o qual investigava&hellip; <\/p>\n","protected":false},"author":2,"featured_media":168413,"comment_status":"closed","ping_status":"closed","sticky":false,"template":"","format":"standard","meta":{"sfsi_plus_gutenberg_text_before_share":"","sfsi_plus_gutenberg_show_text_before_share":"","sfsi_plus_gutenberg_icon_type":"","sfsi_plus_gutenberg_icon_alignemt":"","sfsi_plus_gutenburg_max_per_row":"","footnotes":""},"categories":[2],"tags":[],"class_list":["post-168412","post","type-post","status-publish","format-standard","has-post-thumbnail","hentry","category-geral"],"_links":{"self":[{"href":"https:\/\/www.caririemacao.com\/1\/wp-json\/wp\/v2\/posts\/168412","targetHints":{"allow":["GET"]}}],"collection":[{"href":"https:\/\/www.caririemacao.com\/1\/wp-json\/wp\/v2\/posts"}],"about":[{"href":"https:\/\/www.caririemacao.com\/1\/wp-json\/wp\/v2\/types\/post"}],"author":[{"embeddable":true,"href":"https:\/\/www.caririemacao.com\/1\/wp-json\/wp\/v2\/users\/2"}],"replies":[{"embeddable":true,"href":"https:\/\/www.caririemacao.com\/1\/wp-json\/wp\/v2\/comments?post=168412"}],"version-history":[{"count":1,"href":"https:\/\/www.caririemacao.com\/1\/wp-json\/wp\/v2\/posts\/168412\/revisions"}],"predecessor-version":[{"id":168414,"href":"https:\/\/www.caririemacao.com\/1\/wp-json\/wp\/v2\/posts\/168412\/revisions\/168414"}],"wp:featuredmedia":[{"embeddable":true,"href":"https:\/\/www.caririemacao.com\/1\/wp-json\/wp\/v2\/media\/168413"}],"wp:attachment":[{"href":"https:\/\/www.caririemacao.com\/1\/wp-json\/wp\/v2\/media?parent=168412"}],"wp:term":[{"taxonomy":"category","embeddable":true,"href":"https:\/\/www.caririemacao.com\/1\/wp-json\/wp\/v2\/categories?post=168412"},{"taxonomy":"post_tag","embeddable":true,"href":"https:\/\/www.caririemacao.com\/1\/wp-json\/wp\/v2\/tags?post=168412"}],"curies":[{"name":"wp","href":"https:\/\/api.w.org\/{rel}","templated":true}]}}