{"id":168416,"date":"2020-05-09T07:21:09","date_gmt":"2020-05-09T10:21:09","guid":{"rendered":"https:\/\/www.caririemacao.com\/1\/?p=168416"},"modified":"2020-05-09T07:21:09","modified_gmt":"2020-05-09T10:21:09","slug":"em-entrevista-para-cnn-regina-duarte-da-chilique-e-canta-musica-da-ditadura-militar","status":"publish","type":"post","link":"https:\/\/www.caririemacao.com\/1\/2020\/05\/09\/em-entrevista-para-cnn-regina-duarte-da-chilique-e-canta-musica-da-ditadura-militar\/","title":{"rendered":"Em entrevista para CNN, Regina Duarte d\u00e1 chilique e canta m\u00fasica da ditadura militar"},"content":{"rendered":"\n<h1 class=\"wp-block-heading\"><\/h1>\n\n\n\n<p>A &nbsp;Secret\u00e1ria especial de Cultura, Regina Duarte, falou com exclusividade \u00e0 rede de TV CNN Brasil, e no decorrer da entrevista, a atriz cantou uma m\u00fasica da ditadura militar, minimizou mortes, e teve um chilique ao ouvir um v\u00eddeo da atriz Mait\u00ea Proen\u00e7a. \u201cNa humanidade, n\u00e3o para de morrer&nbsp;gente. Por que as pessoas ainda ficam \u00f3 chocadas? N\u00e3o quero arrastar um cemit\u00e9rio de mortos nas costas\u201d, afirmou.<\/p>\n\n\n\n<p>Regina disse que n\u00e3o deixar\u00e1 o governo, apesar do momento de crise que viveu com o presidente nas \u00faltimas semanas. Durante a conversa, por\u00e9m, ela come\u00e7ou a cantar Pra Frente Brasil, m\u00fasica associada ao per\u00edodo em que os militares mandavam no pa\u00eds. A atriz ainda ironizou. &nbsp;\u201cN\u00e3o era gostoso cantar isso?\u201d.<\/p>\n\n\n\n<p>Regina tamb\u00e9m tirou os fones para n\u00e3o ouvir o que Mait\u00ea&nbsp;tinha para dizer.&nbsp;\u201cN\u00e3o estava combinado nada disso\u201d, disse ela. \u201cVoc\u00eas est\u00e3o desenterrando esse v\u00eddeo para qu\u00ea? O que voc\u00eas ganham com isso?\u201d, completou. \u201cQuem \u00e9 voc\u00ea para desenterrar a fala de Mait\u00ea&nbsp;Proen\u00e7a? Tenho tanta coisa para falar e voc\u00eas est\u00e3o desenterrando mortos\u201d, esbravejou.<\/p>\n","protected":false},"excerpt":{"rendered":"<p>A &nbsp;Secret\u00e1ria especial de Cultura, Regina Duarte, falou com exclusividade \u00e0 rede de TV CNN Brasil, e no decorrer da entrevista, a atriz cantou uma&hellip; <\/p>\n","protected":false},"author":2,"featured_media":168417,"comment_status":"closed","ping_status":"closed","sticky":false,"template":"","format":"standard","meta":{"sfsi_plus_gutenberg_text_before_share":"","sfsi_plus_gutenberg_show_text_before_share":"","sfsi_plus_gutenberg_icon_type":"","sfsi_plus_gutenberg_icon_alignemt":"","sfsi_plus_gutenburg_max_per_row":"","footnotes":""},"categories":[2],"tags":[],"class_list":["post-168416","post","type-post","status-publish","format-standard","has-post-thumbnail","hentry","category-geral"],"_links":{"self":[{"href":"https:\/\/www.caririemacao.com\/1\/wp-json\/wp\/v2\/posts\/168416","targetHints":{"allow":["GET"]}}],"collection":[{"href":"https:\/\/www.caririemacao.com\/1\/wp-json\/wp\/v2\/posts"}],"about":[{"href":"https:\/\/www.caririemacao.com\/1\/wp-json\/wp\/v2\/types\/post"}],"author":[{"embeddable":true,"href":"https:\/\/www.caririemacao.com\/1\/wp-json\/wp\/v2\/users\/2"}],"replies":[{"embeddable":true,"href":"https:\/\/www.caririemacao.com\/1\/wp-json\/wp\/v2\/comments?post=168416"}],"version-history":[{"count":1,"href":"https:\/\/www.caririemacao.com\/1\/wp-json\/wp\/v2\/posts\/168416\/revisions"}],"predecessor-version":[{"id":168418,"href":"https:\/\/www.caririemacao.com\/1\/wp-json\/wp\/v2\/posts\/168416\/revisions\/168418"}],"wp:featuredmedia":[{"embeddable":true,"href":"https:\/\/www.caririemacao.com\/1\/wp-json\/wp\/v2\/media\/168417"}],"wp:attachment":[{"href":"https:\/\/www.caririemacao.com\/1\/wp-json\/wp\/v2\/media?parent=168416"}],"wp:term":[{"taxonomy":"category","embeddable":true,"href":"https:\/\/www.caririemacao.com\/1\/wp-json\/wp\/v2\/categories?post=168416"},{"taxonomy":"post_tag","embeddable":true,"href":"https:\/\/www.caririemacao.com\/1\/wp-json\/wp\/v2\/tags?post=168416"}],"curies":[{"name":"wp","href":"https:\/\/api.w.org\/{rel}","templated":true}]}}