{"id":168420,"date":"2020-05-09T07:26:09","date_gmt":"2020-05-09T10:26:09","guid":{"rendered":"https:\/\/www.caririemacao.com\/1\/?p=168420"},"modified":"2020-05-09T07:26:09","modified_gmt":"2020-05-09T10:26:09","slug":"uepb-e-ufcg-prorrogam-suspensao-de-aulas-ate-14-de-junho","status":"publish","type":"post","link":"https:\/\/www.caririemacao.com\/1\/2020\/05\/09\/uepb-e-ufcg-prorrogam-suspensao-de-aulas-ate-14-de-junho\/","title":{"rendered":"UEPB e UFCG prorrogam suspens\u00e3o de aulas at\u00e9 14 de junho"},"content":{"rendered":"\n<h1 class=\"wp-block-heading\"><\/h1>\n\n\n\n<p>Na manh\u00e3 desta sexta-feira (8) A Universidade Estadual da Para\u00edba (UEPB) e a Universidade Federal de Campina Grande (UFCG) decidiram prorrogar a suspens\u00e3o das aulas at\u00e9 o dia 14 de junho. A medida foi tomada em uma reuni\u00e3o, por videoconfer\u00eancia,&nbsp;entre os reitores das institui\u00e7\u00f5es e representantes do IFPB e de faculdades particulares de Campina Grande.<\/p>\n\n\n\n<p>As faculdades particulares ir\u00e3o seguir as recomenda\u00e7\u00f5es do Minist\u00e9rio da Educa\u00e7\u00e3o, que estabeleceram a substitui\u00e7\u00e3o das aulas presenciais por aulas em meios digitais at\u00e9 o dia 17 de maio.<\/p>\n\n\n\n<p>Confira a nota da UEPB<\/p>\n\n\n\n<p>Ap\u00f3s nova reuni\u00e3o realizada por videoconfer\u00eancia, na manh\u00e3 desta sexta-feira (8), os gestores das institui\u00e7\u00f5es de ensino superior do Estado da Para\u00edba encaminharam a recomenda\u00e7\u00e3o de seguirem com as suspens\u00f5es das atividades acad\u00eamicas at\u00e9 o dia 14 de junho, devido a pandemia de Covid-19. Uma nova reuni\u00e3o para a avalia\u00e7\u00e3o do cen\u00e1rio ficou marcada para o dia 5 de junho. No caso das institui\u00e7\u00f5es particulares, elas seguir\u00e3o a Portaria 395\/2020 do MEC, que estabeleceu a substitui\u00e7\u00e3o das aulas presenciais por aulas em meios digitais at\u00e9 o dia 17 de maio e aguardam pr\u00f3xima determina\u00e7\u00e3o do Minist\u00e9rio sobre a quest\u00e3o.<\/p>\n","protected":false},"excerpt":{"rendered":"<p>Na manh\u00e3 desta sexta-feira (8) A Universidade Estadual da Para\u00edba (UEPB) e a Universidade Federal de Campina Grande (UFCG) decidiram prorrogar a suspens\u00e3o das aulas&hellip; <\/p>\n","protected":false},"author":2,"featured_media":168421,"comment_status":"closed","ping_status":"closed","sticky":false,"template":"","format":"standard","meta":{"sfsi_plus_gutenberg_text_before_share":"","sfsi_plus_gutenberg_show_text_before_share":"","sfsi_plus_gutenberg_icon_type":"","sfsi_plus_gutenberg_icon_alignemt":"","sfsi_plus_gutenburg_max_per_row":"","footnotes":""},"categories":[2],"tags":[],"class_list":["post-168420","post","type-post","status-publish","format-standard","has-post-thumbnail","hentry","category-geral"],"_links":{"self":[{"href":"https:\/\/www.caririemacao.com\/1\/wp-json\/wp\/v2\/posts\/168420","targetHints":{"allow":["GET"]}}],"collection":[{"href":"https:\/\/www.caririemacao.com\/1\/wp-json\/wp\/v2\/posts"}],"about":[{"href":"https:\/\/www.caririemacao.com\/1\/wp-json\/wp\/v2\/types\/post"}],"author":[{"embeddable":true,"href":"https:\/\/www.caririemacao.com\/1\/wp-json\/wp\/v2\/users\/2"}],"replies":[{"embeddable":true,"href":"https:\/\/www.caririemacao.com\/1\/wp-json\/wp\/v2\/comments?post=168420"}],"version-history":[{"count":1,"href":"https:\/\/www.caririemacao.com\/1\/wp-json\/wp\/v2\/posts\/168420\/revisions"}],"predecessor-version":[{"id":168422,"href":"https:\/\/www.caririemacao.com\/1\/wp-json\/wp\/v2\/posts\/168420\/revisions\/168422"}],"wp:featuredmedia":[{"embeddable":true,"href":"https:\/\/www.caririemacao.com\/1\/wp-json\/wp\/v2\/media\/168421"}],"wp:attachment":[{"href":"https:\/\/www.caririemacao.com\/1\/wp-json\/wp\/v2\/media?parent=168420"}],"wp:term":[{"taxonomy":"category","embeddable":true,"href":"https:\/\/www.caririemacao.com\/1\/wp-json\/wp\/v2\/categories?post=168420"},{"taxonomy":"post_tag","embeddable":true,"href":"https:\/\/www.caririemacao.com\/1\/wp-json\/wp\/v2\/tags?post=168420"}],"curies":[{"name":"wp","href":"https:\/\/api.w.org\/{rel}","templated":true}]}}