{"id":168432,"date":"2020-05-09T07:36:11","date_gmt":"2020-05-09T10:36:11","guid":{"rendered":"https:\/\/www.caririemacao.com\/1\/?p=168432"},"modified":"2020-05-09T07:36:11","modified_gmt":"2020-05-09T10:36:11","slug":"luto-idosa-do-municipio-do-congo-morre-vitima-de-coronavirus","status":"publish","type":"post","link":"https:\/\/www.caririemacao.com\/1\/2020\/05\/09\/luto-idosa-do-municipio-do-congo-morre-vitima-de-coronavirus\/","title":{"rendered":"Luto: Idosa do munic\u00edpio do Congo morre vitima de coronav\u00edrus"},"content":{"rendered":"\n<h1 class=\"wp-block-heading\"><\/h1>\n\n\n\n<p>Infelizmente o primeiro \u00f3bito em decorr\u00eancia da Covid-19 no Cariri paraibano foi registrado.<\/p>\n\n\n\n<p>O fato aconteceu no munic\u00edpio do Congo, trata-se de uma senhora de 84 anos, que estava internada na UTI do Hospital Dom Pedro I, em Campina Grande.<\/p>\n\n\n\n<p>A Prefeitura do Congo informou o surgimento de mais dois casos suspeitos, agora s\u00e3o 3 est\u00e3o sob investiga\u00e7\u00e3o.<\/p>\n\n\n\n<p><strong><em>Not\u00edcias em Destaque<\/em><\/strong><\/p>\n","protected":false},"excerpt":{"rendered":"<p>Infelizmente o primeiro \u00f3bito em decorr\u00eancia da Covid-19 no Cariri paraibano foi registrado. O fato aconteceu no munic\u00edpio do Congo, trata-se de uma senhora de&hellip; <\/p>\n","protected":false},"author":2,"featured_media":168433,"comment_status":"closed","ping_status":"closed","sticky":false,"template":"","format":"standard","meta":{"sfsi_plus_gutenberg_text_before_share":"","sfsi_plus_gutenberg_show_text_before_share":"","sfsi_plus_gutenberg_icon_type":"","sfsi_plus_gutenberg_icon_alignemt":"","sfsi_plus_gutenburg_max_per_row":"","footnotes":""},"categories":[2],"tags":[],"class_list":["post-168432","post","type-post","status-publish","format-standard","has-post-thumbnail","hentry","category-geral"],"_links":{"self":[{"href":"https:\/\/www.caririemacao.com\/1\/wp-json\/wp\/v2\/posts\/168432","targetHints":{"allow":["GET"]}}],"collection":[{"href":"https:\/\/www.caririemacao.com\/1\/wp-json\/wp\/v2\/posts"}],"about":[{"href":"https:\/\/www.caririemacao.com\/1\/wp-json\/wp\/v2\/types\/post"}],"author":[{"embeddable":true,"href":"https:\/\/www.caririemacao.com\/1\/wp-json\/wp\/v2\/users\/2"}],"replies":[{"embeddable":true,"href":"https:\/\/www.caririemacao.com\/1\/wp-json\/wp\/v2\/comments?post=168432"}],"version-history":[{"count":1,"href":"https:\/\/www.caririemacao.com\/1\/wp-json\/wp\/v2\/posts\/168432\/revisions"}],"predecessor-version":[{"id":168434,"href":"https:\/\/www.caririemacao.com\/1\/wp-json\/wp\/v2\/posts\/168432\/revisions\/168434"}],"wp:featuredmedia":[{"embeddable":true,"href":"https:\/\/www.caririemacao.com\/1\/wp-json\/wp\/v2\/media\/168433"}],"wp:attachment":[{"href":"https:\/\/www.caririemacao.com\/1\/wp-json\/wp\/v2\/media?parent=168432"}],"wp:term":[{"taxonomy":"category","embeddable":true,"href":"https:\/\/www.caririemacao.com\/1\/wp-json\/wp\/v2\/categories?post=168432"},{"taxonomy":"post_tag","embeddable":true,"href":"https:\/\/www.caririemacao.com\/1\/wp-json\/wp\/v2\/tags?post=168432"}],"curies":[{"name":"wp","href":"https:\/\/api.w.org\/{rel}","templated":true}]}}