{"id":168436,"date":"2020-05-09T07:40:48","date_gmt":"2020-05-09T10:40:48","guid":{"rendered":"https:\/\/www.caririemacao.com\/1\/?p=168436"},"modified":"2020-05-09T07:40:48","modified_gmt":"2020-05-09T10:40:48","slug":"ministro-do-stf-recebe-copia-de-gravacao-citada-por-sergio-moro","status":"publish","type":"post","link":"https:\/\/www.caririemacao.com\/1\/2020\/05\/09\/ministro-do-stf-recebe-copia-de-gravacao-citada-por-sergio-moro\/","title":{"rendered":"Ministro do STF recebe c\u00f3pia de grava\u00e7\u00e3o citada por Sergio Moro"},"content":{"rendered":"\n<h2 class=\"wp-block-heading\"><\/h2>\n\n\n\n<p>O ministro Celso de Mello, do Supremo Tribunal Federal (STF), recebeu nesta noite a c\u00f3pia da grava\u00e7\u00e3o de uma reuni\u00e3o, realizada no dia&nbsp;22 de abril, entre o presidente Jair Bolsonaro, o vice-presidente&nbsp;Hamilton Mour\u00e3o, ministros e presidentes de bancos p\u00fablicos.&nbsp; O registro da reuni\u00e3o foi solicitada pelo&nbsp;decano, que determinou que a m\u00eddia seja&nbsp;mantida em segredo de Justi\u00e7a.&nbsp;<\/p>\n\n\n\n<p>No despacho proferido na&nbsp;ter\u00e7a-feira (5), Celso de Mello pediu a c\u00f3pia da grava\u00e7\u00e3o \u00e0 Secretaria-Geral e \u00e0 Secretaria de Comunica\u00e7\u00e3o da Presid\u00eancia da Rep\u00fablica ao atender o pedido de dilig\u00eancia feito pela Procuradoria-Geral da Rep\u00fablica (PGR) no inqu\u00e9rito que apura as declara\u00e7\u00f5es do ex-ministro da Justi\u00e7a e Seguran\u00e7a P\u00fablica, Sergio Moro, sobre suposta interfer\u00eancia de Bolsonaro na Pol\u00edcia Federal (PF). A reuni\u00e3o foi citada por Moro em depoimento \u00e0 PF na semana passada.&nbsp;<\/p>\n\n\n\n<p>Desde a exonera\u00e7\u00e3o de Moro, o presidente nega que tenha pedido para o ent\u00e3o ministro interferir em investiga\u00e7\u00f5es da Pol\u00edcia Federal.&nbsp;<\/p>\n\n\n\n<p>As imagens da reuni\u00e3o foram entregues pelo advogado-geral da Uni\u00e3o, Jos\u00e9 Levi do Amaral, em um HD externo. De acordo com documento que comprova a entrega, a m\u00eddia \u201ccont\u00e9m o inteiro teor, sem qualquer edi\u00e7\u00e3o ou sele\u00e7\u00e3o de fragmento\u201d da grava\u00e7\u00e3o da reuni\u00e3o.&nbsp;<\/p>\n\n\n\n<p>Durante a semana, antes da entrega, a Advocacia-Geral da Uni\u00e3o (AGU) defendeu restri\u00e7\u00f5es ao envio da grava\u00e7\u00e3o. Na primeira&nbsp;peti\u00e7\u00e3o, a AGU pediu&nbsp;que a entrega fosse revogada&nbsp;\u201cpois nela foram tratados assuntos potencialmente sens\u00edveis e reservados de Estado, inclusive de Rela\u00e7\u00f5es Exteriores, entre outros\u201d.&nbsp;Ontem&nbsp;(7), o \u00f3rg\u00e3o pediu que o ministro tamb\u00e9m analisasse&nbsp;a possibilidade de entregar somente uma parte da grava\u00e7\u00e3o da reuni\u00e3o.&nbsp;<\/p>\n\n\n\n<p>No in\u00edcio da tarde de&nbsp;hoje, a AGU solicitou&nbsp;que seja definida a cadeia de cust\u00f3dia, ou seja, por quais \u00f3rg\u00e3os o v\u00eddeo deve passar at\u00e9 que seja periciado.&nbsp;<\/p>\n\n\n\n<p>Ap\u00f3s receber as manifesta\u00e7\u00f5es do \u00f3rg\u00e3o,&nbsp;<a href=\"https:\/\/agenciabrasil.ebc.com.br\/justica\/noticia\/2020-05\/celso-de-mello-pede-parecer-da-pgr-sobre-acesso-gravacao-de-reuniao\" target=\"_blank\" rel=\"noreferrer noopener\">Celso de Mello pediu parecer da PGR<\/a>&nbsp;sobre o assunto.&nbsp;<\/p>\n","protected":false},"excerpt":{"rendered":"<p>O ministro Celso de Mello, do Supremo Tribunal Federal (STF), recebeu nesta noite a c\u00f3pia da grava\u00e7\u00e3o de uma reuni\u00e3o, realizada no dia&nbsp;22 de abril,&hellip; <\/p>\n","protected":false},"author":2,"featured_media":168437,"comment_status":"closed","ping_status":"closed","sticky":false,"template":"","format":"standard","meta":{"sfsi_plus_gutenberg_text_before_share":"","sfsi_plus_gutenberg_show_text_before_share":"","sfsi_plus_gutenberg_icon_type":"","sfsi_plus_gutenberg_icon_alignemt":"","sfsi_plus_gutenburg_max_per_row":"","footnotes":""},"categories":[2],"tags":[],"class_list":["post-168436","post","type-post","status-publish","format-standard","has-post-thumbnail","hentry","category-geral"],"_links":{"self":[{"href":"https:\/\/www.caririemacao.com\/1\/wp-json\/wp\/v2\/posts\/168436","targetHints":{"allow":["GET"]}}],"collection":[{"href":"https:\/\/www.caririemacao.com\/1\/wp-json\/wp\/v2\/posts"}],"about":[{"href":"https:\/\/www.caririemacao.com\/1\/wp-json\/wp\/v2\/types\/post"}],"author":[{"embeddable":true,"href":"https:\/\/www.caririemacao.com\/1\/wp-json\/wp\/v2\/users\/2"}],"replies":[{"embeddable":true,"href":"https:\/\/www.caririemacao.com\/1\/wp-json\/wp\/v2\/comments?post=168436"}],"version-history":[{"count":1,"href":"https:\/\/www.caririemacao.com\/1\/wp-json\/wp\/v2\/posts\/168436\/revisions"}],"predecessor-version":[{"id":168438,"href":"https:\/\/www.caririemacao.com\/1\/wp-json\/wp\/v2\/posts\/168436\/revisions\/168438"}],"wp:featuredmedia":[{"embeddable":true,"href":"https:\/\/www.caririemacao.com\/1\/wp-json\/wp\/v2\/media\/168437"}],"wp:attachment":[{"href":"https:\/\/www.caririemacao.com\/1\/wp-json\/wp\/v2\/media?parent=168436"}],"wp:term":[{"taxonomy":"category","embeddable":true,"href":"https:\/\/www.caririemacao.com\/1\/wp-json\/wp\/v2\/categories?post=168436"},{"taxonomy":"post_tag","embeddable":true,"href":"https:\/\/www.caririemacao.com\/1\/wp-json\/wp\/v2\/tags?post=168436"}],"curies":[{"name":"wp","href":"https:\/\/api.w.org\/{rel}","templated":true}]}}