{"id":168444,"date":"2020-05-09T07:48:57","date_gmt":"2020-05-09T10:48:57","guid":{"rendered":"https:\/\/www.caririemacao.com\/1\/?p=168444"},"modified":"2020-05-09T07:48:57","modified_gmt":"2020-05-09T10:48:57","slug":"pais-registra-751-mortes-por-covid-19-em-24h-e-bate-novo-recorde","status":"publish","type":"post","link":"https:\/\/www.caririemacao.com\/1\/2020\/05\/09\/pais-registra-751-mortes-por-covid-19-em-24h-e-bate-novo-recorde\/","title":{"rendered":"Pa\u00eds registra 751 mortes por covid-19 em 24h e bate novo recorde"},"content":{"rendered":"\n<h2 class=\"wp-block-heading\"><\/h2>\n\n\n\n<p>Com 10.222 novos casos confirmados de covid-19, o Brasil chegou a 145.328 pessoas infectadas, um aumento de 7,5% em rela\u00e7\u00e3o a ontem(7), quando foram registradas 135.106 pessoas nessa condi\u00e7\u00e3o. A atualiza\u00e7\u00e3o foi divulgada pelo Minist\u00e9rio da Sa\u00fade nesta sexta-feira (8). O n\u00famero foi o segundo mais alto, abaixo apenas do recorde de quarta-feira(6), quando os novos casos atualizados somaram 10.503. Do total de casos confirmados, 76.134&nbsp;est\u00e3o em acompanhamento (52,4%), 59.297 est\u00e3o recuperados (40,8%) e 1.852 mortes est\u00e3o em investiga\u00e7\u00e3o.<\/p>\n\n\n\n<p>O Brasil bateu novo recorde de mortes nas \u00faltimas 24h, com 751. A marca de 9.897 representou um acr\u00e9scimo de 8,2% em rela\u00e7\u00e3o a ontem, quando foram contabilizados 9.146 falecimentos. O n\u00famero levou a um novo patamar, depois de uma semana na casa dos 600 \u00f3bitos ao longo da semana. A letalidade ficou em 6,8%.<\/p>\n\n\n\n<figure><iframe height=\"500\" data-src=\"https:\/\/datawrapper.dwcdn.net\/FsHdg\/11\/\" src=\"data:image\/svg+xml;base64,PHN2ZyB3aWR0aD0iMSIgaGVpZ2h0PSIxIiB4bWxucz0iaHR0cDovL3d3dy53My5vcmcvMjAwMC9zdmciPjwvc3ZnPg==\" class=\"lazyload\" data-load-mode=\"1\"><\/iframe><\/figure>\n\n\n\n<p>Segundo o boletim epidemiol\u00f3gico divulgado nesta noite, at\u00e9 hoje foram identificadas 107 mil hospitaliza\u00e7\u00f5es por S\u00edndrome Respirat\u00f3ria Aguda Grave (SRAG), cerca de 606% em rela\u00e7\u00e3o ao mesmo per\u00edodo do ano anterior. Deste total, 27.086 s\u00e3o por covid-19, sendo 37.101 classificados como n\u00e3o especificados e 38.096 em investiga\u00e7\u00e3o. Ou seja, o n\u00famero de hospitaliza\u00e7\u00f5es pode crescer caso essas investiga\u00e7\u00f5es atestem o diagn\u00f3stico de infec\u00e7\u00e3o com o novo coronav\u00edrus.&nbsp;<\/p>\n\n\n\n<p>Sobre o perfil das hospitaliza\u00e7\u00f5es por covid-19, 54,8% s\u00e3o brancos, 36,3% s\u00e3o pardos, 6,7% s\u00e3o pretos, s\u00e3o&nbsp;1,9% amarelos e 0,3%, ind\u00edgenas.<\/p>\n\n\n\n<p>S\u00e3o Paulo se mant\u00e9m como epicentro da pandemia no pa\u00eds, concentrando o maior n\u00famero de falecimentos (3.416). O estado \u00e9 seguido pelo Rio de Janeiro (1.503), Cear\u00e1 (966), Pernambuco (927) e Amazonas (874). &nbsp;<\/p>\n\n\n\n<p>Al\u00e9m disso, foram registradas mortes no Par\u00e1 (515), Maranh\u00e3o (330), Bahia (183), Esp\u00edrito Santo (165), Minas Gerais (139), Para\u00edba (114), Alagoas (108), Paran\u00e1 (106), Rio Grande do Sul (91), Rio Grande do Norte (81), Santa Catarina (63), Amap\u00e1 (66), Goi\u00e1s (49), Rond\u00f4nia (39), Acre (38), Piau\u00ed (37), Distrito Federal (37), Sergipe (28), Roraima (16), Mato Grosso (14), Mato Grosso do Sul (11), e Tocantins (9).<\/p>\n\n\n\n<p>Os estados com maior incid\u00eancia (n\u00famero de casos por um milh\u00e3o de habitantes) s\u00e3o o Amap\u00e1 (2.746), Amazonas (2.588), Roraima (1.684), Cear\u00e1 (1.638) Acre (1.335) e Pernambuco (1.212).<\/p>\n\n\n\n<figure class=\"wp-block-image\"><img decoding=\"async\" data-src=\"https:\/\/imagens.ebc.com.br\/JYhlf65Pl2fmdO6rO-DI4GIzyQk=\/754x0\/smart\/https:\/\/agenciabrasil.ebc.com.br\/sites\/default\/files\/thumbnails\/image\/boletim_08.05_19h.jpg?itok=AOf4JBcW\" alt=\"Boletim epidemiol\u00f3gico\" title=\"Minist\u00e9rio da Sa\u00fade\" src=\"data:image\/svg+xml;base64,PHN2ZyB3aWR0aD0iMSIgaGVpZ2h0PSIxIiB4bWxucz0iaHR0cDovL3d3dy53My5vcmcvMjAwMC9zdmciPjwvc3ZnPg==\" class=\"lazyload\" \/><\/figure>\n\n\n\n<p>Boletim epidemiol\u00f3gico &#8211;&nbsp;<strong>Minist\u00e9rio da Sa\u00fade<\/strong><\/p>\n\n\n\n<h2 class=\"wp-block-heading\">Leitos<\/h2>\n\n\n\n<p>Na entrevista coletiva no Pal\u00e1cio do Planalto, a secret\u00e1ria substituta de Aten\u00e7\u00e3o \u00e0 Sa\u00fade do Minist\u00e9rio da Sa\u00fade, Cleusa Bernardo, explicou que o \u00f3rg\u00e3o n\u00e3o conseguiu \u00eaxito nos editais para a contrata\u00e7\u00e3o de dois mil novos leitos anunciados no m\u00eas de abril. At\u00e9 o momento, foram locados 540 leitos aos estados.&nbsp;<\/p>\n\n\n\n<blockquote class=\"wp-block-quote is-layout-flow wp-block-quote-is-layout-flow\"><p>\u201cA empresa que tinha feito o compromisso de entregar 2.540 leitos n\u00e3o conseguiu. J\u00e1 estamos no 3\u00ba edital para entregar o restante\u201d, explicou.<\/p><\/blockquote>\n\n\n\n<p>Al\u00e9m disso, tamb\u00e9m n\u00e3o saiu, at\u00e9 o momento, o levantamento de ocupa\u00e7\u00e3o de leitos. No dia 14 de abril, o<a href=\"https:\/\/agenciabrasil.ebc.com.br\/saude\/noticia\/2020-04\/covid-19-brasil-tem-15-mortes-e-252-mil-casos-confirmados\" target=\"_blank\" rel=\"noreferrer noopener\">&nbsp;minist\u00e9rio editou norma<\/a>&nbsp;que obriga os hospitais a fornecerem essas informa\u00e7\u00f5es \u00e0s respectivas secretarias de sa\u00fade.&nbsp;<\/p>\n\n\n\n<blockquote class=\"wp-block-quote is-layout-flow wp-block-quote-is-layout-flow\"><p>\u201cEm rela\u00e7\u00e3o \u00e0 disponibiliza\u00e7\u00e3o dos leitos, est\u00e1 prevista para semana que vem um painel em que vamos colocar os dados. Dos hospitais, j\u00e1 tivemos preenchimento do sistema por 416 unidades. E por que a dificuldade? Porque os hospitais est\u00e3o sobrecarregados nos atendimentos. N\u00e3o \u00e9 f\u00e1cil para eles ter tempo de fazer essa informa\u00e7\u00e3o, eles est\u00e3o encontrando dificuldades\u201d, justificou Cleusa Bernardo.<\/p><\/blockquote>\n\n\n\n<p><br>De acordo com a gestora, foram habilitados novos 116 leitos de Unidades de Tratamento Intensivo (UTI). Para cada um, a receita di\u00e1ria ser\u00e1 de R$ 1,6 mil. A habilita\u00e7\u00e3o consiste no custeio pelo governo federal de leitos abertos pelos estados e munic\u00edpios. Uma lista de quantos leitos cada estado recebeu pode ser conferida no&nbsp;<a href=\"https:\/\/www.saude.gov.br\/noticias\/agencia-saude\/46855-ministerio-da-saude-habilita-mais-116-leitos-de-uti).\" target=\"_blank\" rel=\"noreferrer noopener\">site do Minist\u00e9rio da Sa\u00fade<\/a>.<\/p>\n","protected":false},"excerpt":{"rendered":"<p>Com 10.222 novos casos confirmados de covid-19, o Brasil chegou a 145.328 pessoas infectadas, um aumento de 7,5% em rela\u00e7\u00e3o a ontem(7), quando foram registradas&hellip; <\/p>\n","protected":false},"author":2,"featured_media":168445,"comment_status":"closed","ping_status":"closed","sticky":false,"template":"","format":"standard","meta":{"sfsi_plus_gutenberg_text_before_share":"","sfsi_plus_gutenberg_show_text_before_share":"","sfsi_plus_gutenberg_icon_type":"","sfsi_plus_gutenberg_icon_alignemt":"","sfsi_plus_gutenburg_max_per_row":"","footnotes":""},"categories":[50,2],"tags":[],"class_list":["post-168444","post","type-post","status-publish","format-standard","has-post-thumbnail","hentry","category-destaque","category-geral"],"_links":{"self":[{"href":"https:\/\/www.caririemacao.com\/1\/wp-json\/wp\/v2\/posts\/168444","targetHints":{"allow":["GET"]}}],"collection":[{"href":"https:\/\/www.caririemacao.com\/1\/wp-json\/wp\/v2\/posts"}],"about":[{"href":"https:\/\/www.caririemacao.com\/1\/wp-json\/wp\/v2\/types\/post"}],"author":[{"embeddable":true,"href":"https:\/\/www.caririemacao.com\/1\/wp-json\/wp\/v2\/users\/2"}],"replies":[{"embeddable":true,"href":"https:\/\/www.caririemacao.com\/1\/wp-json\/wp\/v2\/comments?post=168444"}],"version-history":[{"count":1,"href":"https:\/\/www.caririemacao.com\/1\/wp-json\/wp\/v2\/posts\/168444\/revisions"}],"predecessor-version":[{"id":168446,"href":"https:\/\/www.caririemacao.com\/1\/wp-json\/wp\/v2\/posts\/168444\/revisions\/168446"}],"wp:featuredmedia":[{"embeddable":true,"href":"https:\/\/www.caririemacao.com\/1\/wp-json\/wp\/v2\/media\/168445"}],"wp:attachment":[{"href":"https:\/\/www.caririemacao.com\/1\/wp-json\/wp\/v2\/media?parent=168444"}],"wp:term":[{"taxonomy":"category","embeddable":true,"href":"https:\/\/www.caririemacao.com\/1\/wp-json\/wp\/v2\/categories?post=168444"},{"taxonomy":"post_tag","embeddable":true,"href":"https:\/\/www.caririemacao.com\/1\/wp-json\/wp\/v2\/tags?post=168444"}],"curies":[{"name":"wp","href":"https:\/\/api.w.org\/{rel}","templated":true}]}}