{"id":168451,"date":"2020-05-09T07:52:26","date_gmt":"2020-05-09T10:52:26","guid":{"rendered":"https:\/\/www.caririemacao.com\/1\/?p=168451"},"modified":"2020-05-09T07:52:26","modified_gmt":"2020-05-09T10:52:26","slug":"bolsonaro-teria-atacado-a-china-em-reuniao-ministerial-citada-por-moro","status":"publish","type":"post","link":"https:\/\/www.caririemacao.com\/1\/2020\/05\/09\/bolsonaro-teria-atacado-a-china-em-reuniao-ministerial-citada-por-moro\/","title":{"rendered":"Bolsonaro teria atacado a China em reuni\u00e3o ministerial citada por Moro"},"content":{"rendered":"\n<h2 class=\"wp-block-heading\"><\/h2>\n\n\n\n<p>A reuni\u00e3o ministerial de Jair Bolsonaro citada pelo ex-ministro S\u00e9rgio Moro em seu pedido de demiss\u00e3o, pode trazer problemas internacionais para o Brasil em plena pandemia do novo coronav\u00edrus.<br><br><br><br>Al\u00e9m de ter amea\u00e7ado demitir S\u00e9rgio Moro se ele n\u00e3o permitisse interfer\u00eancia na Pol\u00edcia Federal, Bolsonaro tamb\u00e9m atacou a China.<br><br><br><br><br>China teria sido citada por Bolsonaro na abertura do encontro de forma pouco diplom\u00e1tica. Alegando \u201ctemas sens\u00edveis\u201d e de interesse de Estado, a Advocacia Geral da Uni\u00e3o (AGU) pediu ao ministro Celso de Mello, do Supremo Tribunal Federal (STF), que a autorize a entregar apenas a parte da reuni\u00e3o em que Bolsonaro se refere a S\u00e9rgio Moro.<br><br><br><br><br>Segundo dados do Indicador do Com\u00e9rcio Exterior (Icomex), da Funda\u00e7\u00e3o Getulio Vargas (FGV), o Brasil exportou 8,8% mais para a China no primeiro trimestre de 2020 ante o mesmo trimestre de 2019. Enquanto para os Estados Unidos, para cuja bandeira Bolsonaro bate contin\u00eancia, o volume de bens brasileiros exportados teve um tombo de 13,5% no primeiro trimestre, enquanto que as importa\u00e7\u00f5es de produtos americanos pelo Brasil saltaram 15,5%.<br><br><br><br><br>O ataque de Bolsonaro \u00e0 China na reuni\u00e3o privada ocorre ap\u00f3s outros ataques ao maior parceiro comercial do Brasil, perpetrados pelo deputado Eduardo Bolsonaro e pelo ministro da Educa\u00e7\u00e3o, Abraham Weintraub.<br><br><br><br><br>Weintraub, inclusive, protagoniza a frase mais potencialmente danosa dita na reuni\u00e3o ministerial do dia 22 de abril. Depois de comentar medidas tomadas pelo STF que desagradaram o governo, Abraham Weintraub afirmou que a Corte era \u201ccomposta por onze filhos da puta\u201d.<\/p>\n","protected":false},"excerpt":{"rendered":"<p>A reuni\u00e3o ministerial de Jair Bolsonaro citada pelo ex-ministro S\u00e9rgio Moro em seu pedido de demiss\u00e3o, pode trazer problemas internacionais para o Brasil em plena&hellip; <\/p>\n","protected":false},"author":2,"featured_media":168449,"comment_status":"closed","ping_status":"closed","sticky":false,"template":"","format":"standard","meta":{"sfsi_plus_gutenberg_text_before_share":"","sfsi_plus_gutenberg_show_text_before_share":"","sfsi_plus_gutenberg_icon_type":"","sfsi_plus_gutenberg_icon_alignemt":"","sfsi_plus_gutenburg_max_per_row":"","footnotes":""},"categories":[11],"tags":[],"class_list":["post-168451","post","type-post","status-publish","format-standard","has-post-thumbnail","hentry","category-politica"],"_links":{"self":[{"href":"https:\/\/www.caririemacao.com\/1\/wp-json\/wp\/v2\/posts\/168451","targetHints":{"allow":["GET"]}}],"collection":[{"href":"https:\/\/www.caririemacao.com\/1\/wp-json\/wp\/v2\/posts"}],"about":[{"href":"https:\/\/www.caririemacao.com\/1\/wp-json\/wp\/v2\/types\/post"}],"author":[{"embeddable":true,"href":"https:\/\/www.caririemacao.com\/1\/wp-json\/wp\/v2\/users\/2"}],"replies":[{"embeddable":true,"href":"https:\/\/www.caririemacao.com\/1\/wp-json\/wp\/v2\/comments?post=168451"}],"version-history":[{"count":1,"href":"https:\/\/www.caririemacao.com\/1\/wp-json\/wp\/v2\/posts\/168451\/revisions"}],"predecessor-version":[{"id":168452,"href":"https:\/\/www.caririemacao.com\/1\/wp-json\/wp\/v2\/posts\/168451\/revisions\/168452"}],"wp:featuredmedia":[{"embeddable":true,"href":"https:\/\/www.caririemacao.com\/1\/wp-json\/wp\/v2\/media\/168449"}],"wp:attachment":[{"href":"https:\/\/www.caririemacao.com\/1\/wp-json\/wp\/v2\/media?parent=168451"}],"wp:term":[{"taxonomy":"category","embeddable":true,"href":"https:\/\/www.caririemacao.com\/1\/wp-json\/wp\/v2\/categories?post=168451"},{"taxonomy":"post_tag","embeddable":true,"href":"https:\/\/www.caririemacao.com\/1\/wp-json\/wp\/v2\/tags?post=168451"}],"curies":[{"name":"wp","href":"https:\/\/api.w.org\/{rel}","templated":true}]}}