{"id":168458,"date":"2020-05-09T08:03:18","date_gmt":"2020-05-09T11:03:18","guid":{"rendered":"https:\/\/www.caririemacao.com\/1\/?p=168458"},"modified":"2020-05-09T08:03:18","modified_gmt":"2020-05-09T11:03:18","slug":"joao-azevedo-emite-nota-de-pesar-pela-morte-de-lucia-braga","status":"publish","type":"post","link":"https:\/\/www.caririemacao.com\/1\/2020\/05\/09\/joao-azevedo-emite-nota-de-pesar-pela-morte-de-lucia-braga\/","title":{"rendered":"Jo\u00e3o Azev\u00eado emite nota de pesar pela morte de L\u00facia Braga"},"content":{"rendered":"\n<h1 class=\"wp-block-heading\"><\/h1>\n\n\n\n<p>O governador da Para\u00edba Jo\u00e3o Azev\u00eado, emitiu uma nota de pesar, onde destacou o legado pioneiro de&nbsp;L\u00facia Braga em prol do bem comum na pol\u00edtica. Ele lembrou da milit\u00e2ncia da ex-primeira dama com as causas sociais em defesa da popula\u00e7\u00e3o paraibana. O gestor lamentou a morte e prestou&nbsp;condol\u00eancias aos familiares e amigos pelo falecimento.<\/p>\n\n\n\n<p>Confira a nota<\/p>\n\n\n\n<p><em>&#8220;O governador Jo\u00e3o Azev\u00eado manifestou profundo pesar pela morte da ex-deputada L\u00facia Braga, ocorrida nesta sexta-feira (8).<\/em><\/p>\n\n\n\n<p><em>L\u00facia Braga era casada com o ex-governador Wilson Braga e na vida p\u00fablica ocupou os cargos de deputada estadual e deputada federal, sendo a primeira mulher paraibana a ser eleita para este \u00faltimo cargo pol\u00edtico, com participa\u00e7\u00e3o na Assembleia Nacional Constituinte que elaborou a Constitui\u00e7\u00e3o de 1988.<\/em><\/p>\n\n\n\n<p><em>Assistente social de forma\u00e7\u00e3o, nas gest\u00f5es do marido \u00e0 frente do Governo da Para\u00edba e da Prefeitura de Jo\u00e3o Pessoa, a ent\u00e3o primeira-dama se destacou no trabalho social em prol das fam\u00edlias mais carentes.<\/em><\/p>\n\n\n\n<p><em>O governador Jo\u00e3o Azev\u00eado externa condol\u00eancias aos familiares e amigos neste momento de dor e saudade.&#8221;<\/em><\/p>\n","protected":false},"excerpt":{"rendered":"<p>O governador da Para\u00edba Jo\u00e3o Azev\u00eado, emitiu uma nota de pesar, onde destacou o legado pioneiro de&nbsp;L\u00facia Braga em prol do bem comum na pol\u00edtica.&hellip; <\/p>\n","protected":false},"author":2,"featured_media":168459,"comment_status":"closed","ping_status":"closed","sticky":false,"template":"","format":"standard","meta":{"sfsi_plus_gutenberg_text_before_share":"","sfsi_plus_gutenberg_show_text_before_share":"","sfsi_plus_gutenberg_icon_type":"","sfsi_plus_gutenberg_icon_alignemt":"","sfsi_plus_gutenburg_max_per_row":"","footnotes":""},"categories":[11],"tags":[],"class_list":["post-168458","post","type-post","status-publish","format-standard","has-post-thumbnail","hentry","category-politica"],"_links":{"self":[{"href":"https:\/\/www.caririemacao.com\/1\/wp-json\/wp\/v2\/posts\/168458","targetHints":{"allow":["GET"]}}],"collection":[{"href":"https:\/\/www.caririemacao.com\/1\/wp-json\/wp\/v2\/posts"}],"about":[{"href":"https:\/\/www.caririemacao.com\/1\/wp-json\/wp\/v2\/types\/post"}],"author":[{"embeddable":true,"href":"https:\/\/www.caririemacao.com\/1\/wp-json\/wp\/v2\/users\/2"}],"replies":[{"embeddable":true,"href":"https:\/\/www.caririemacao.com\/1\/wp-json\/wp\/v2\/comments?post=168458"}],"version-history":[{"count":1,"href":"https:\/\/www.caririemacao.com\/1\/wp-json\/wp\/v2\/posts\/168458\/revisions"}],"predecessor-version":[{"id":168460,"href":"https:\/\/www.caririemacao.com\/1\/wp-json\/wp\/v2\/posts\/168458\/revisions\/168460"}],"wp:featuredmedia":[{"embeddable":true,"href":"https:\/\/www.caririemacao.com\/1\/wp-json\/wp\/v2\/media\/168459"}],"wp:attachment":[{"href":"https:\/\/www.caririemacao.com\/1\/wp-json\/wp\/v2\/media?parent=168458"}],"wp:term":[{"taxonomy":"category","embeddable":true,"href":"https:\/\/www.caririemacao.com\/1\/wp-json\/wp\/v2\/categories?post=168458"},{"taxonomy":"post_tag","embeddable":true,"href":"https:\/\/www.caririemacao.com\/1\/wp-json\/wp\/v2\/tags?post=168458"}],"curies":[{"name":"wp","href":"https:\/\/api.w.org\/{rel}","templated":true}]}}