{"id":168468,"date":"2020-05-09T08:51:43","date_gmt":"2020-05-09T11:51:43","guid":{"rendered":"https:\/\/www.caririemacao.com\/1\/?p=168468"},"modified":"2020-05-09T08:51:43","modified_gmt":"2020-05-09T11:51:43","slug":"litro-da-gasolina-permanece-em-queda-nos-postos-informa-anp","status":"publish","type":"post","link":"https:\/\/www.caririemacao.com\/1\/2020\/05\/09\/litro-da-gasolina-permanece-em-queda-nos-postos-informa-anp\/","title":{"rendered":"Litro da gasolina permanece em queda nos postos, informa ANP"},"content":{"rendered":"\n<h1 class=\"wp-block-heading\"><\/h1>\n\n\n\n<p>A queda reflete a sequencia de cortes nos pre\u00e7os de refinaria promovidos pela Petrobras ap\u00f3s o in\u00edcio da pandemia. Esta semana, por\u00e9m, a estatal decidiu aumentar em 12% os pre\u00e7os, acompanhando recupera\u00e7\u00e3o do mercado internacional e a alta do d\u00f3lar.<\/p>\n\n\n\n<p>Foi o primeiro reajuste positivo desde o in\u00edcio da pandemia, que derrubou as cota\u00e7\u00f5es internacionais do petr\u00f3leo. Com onze cortes antes do reajuste desta quinta, o pre\u00e7o do produto nas refinarias ainda acumula queda de 50% no ano.<\/p>\n\n\n\n<p>De acordo com a ANP, o pre\u00e7o do diesel caiu 3,93% na semana, para R$ 3,077 por litro, em m\u00e9dia, no pa\u00eds. Nas refinarias, o produto acumula queda de 38% no ano. N\u00e3o houve altera\u00e7\u00e3o no valor de venda pela estatal esta semana.<\/p>\n\n\n\n<p>A queda dos pre\u00e7os dos combust\u00edveis levou o IPCA, o \u00edndice oficial de infla\u00e7\u00e3o do pa\u00eds, a fechar abril com defla\u00e7\u00e3o de 0,31%, a maior desde 1998.<\/p>\n\n\n\n<p>A ANP ainda n\u00e3o detectou, por\u00e9m, queda no pre\u00e7o do botij\u00e3o de g\u00e1s, que foi vendido em m\u00e9dia a R$ 69,65 esta semana, mesmo que a Petrobras j\u00e1 tenha cortado o pre\u00e7o do g\u00e1s de cozinha nas refinarias em 21% este ano. Os dados n\u00e3o mostram redu\u00e7\u00e3o nem no pre\u00e7o das distribuidoras nem na margem de lucro dos revendedores.<\/p>\n\n\n\n<p>O consumo de g\u00e1s de cozinha subiu 12% ap\u00f3s o in\u00edcio das medidas de isolamento, que levaram os brasileiros a realizar mais refei\u00e7\u00f5es em casa. Com o aumento das vendas, houve dificuldades de entrega em diversos estados e a Petrobras decidiu intensificar as importa\u00e7\u00f5es do produto.<\/p>\n\n\n\n<p>J\u00e1 as vendas de outros combust\u00edveis ca\u00edram, o que vem gerando dificuldades na gest\u00e3o do parque de refino da Petrobras, j\u00e1 que o g\u00e1s de cozinha \u00e9 produzido nas mesmas unidades que produzem gasolina. Isto \u00e9, para aumentar a oferta do primeiro, precisa produzir mais a segunda.<\/p>\n\n\n\n<p>Para evitar problemas de armazenagem, a Petrobras vinha realizando leil\u00f5es de venda do produto com desconto e chegou a consultar clientes sobre a disponibilidade de tanques para guardar parte de seus estoques.<\/p>\n\n\n\n<p>Em Campina Grande, o pre\u00e7o m\u00e9dia da gasolina \u00e9 R$ 3,59, mas alguns postos est\u00e3o vendendo a R$ 3,44.<\/p>\n","protected":false},"excerpt":{"rendered":"<p>A queda reflete a sequencia de cortes nos pre\u00e7os de refinaria promovidos pela Petrobras ap\u00f3s o in\u00edcio da pandemia. Esta semana, por\u00e9m, a estatal decidiu&hellip; <\/p>\n","protected":false},"author":2,"featured_media":168469,"comment_status":"closed","ping_status":"closed","sticky":false,"template":"","format":"standard","meta":{"sfsi_plus_gutenberg_text_before_share":"","sfsi_plus_gutenberg_show_text_before_share":"","sfsi_plus_gutenberg_icon_type":"","sfsi_plus_gutenberg_icon_alignemt":"","sfsi_plus_gutenburg_max_per_row":"","footnotes":""},"categories":[2],"tags":[],"class_list":["post-168468","post","type-post","status-publish","format-standard","has-post-thumbnail","hentry","category-geral"],"_links":{"self":[{"href":"https:\/\/www.caririemacao.com\/1\/wp-json\/wp\/v2\/posts\/168468","targetHints":{"allow":["GET"]}}],"collection":[{"href":"https:\/\/www.caririemacao.com\/1\/wp-json\/wp\/v2\/posts"}],"about":[{"href":"https:\/\/www.caririemacao.com\/1\/wp-json\/wp\/v2\/types\/post"}],"author":[{"embeddable":true,"href":"https:\/\/www.caririemacao.com\/1\/wp-json\/wp\/v2\/users\/2"}],"replies":[{"embeddable":true,"href":"https:\/\/www.caririemacao.com\/1\/wp-json\/wp\/v2\/comments?post=168468"}],"version-history":[{"count":1,"href":"https:\/\/www.caririemacao.com\/1\/wp-json\/wp\/v2\/posts\/168468\/revisions"}],"predecessor-version":[{"id":168470,"href":"https:\/\/www.caririemacao.com\/1\/wp-json\/wp\/v2\/posts\/168468\/revisions\/168470"}],"wp:featuredmedia":[{"embeddable":true,"href":"https:\/\/www.caririemacao.com\/1\/wp-json\/wp\/v2\/media\/168469"}],"wp:attachment":[{"href":"https:\/\/www.caririemacao.com\/1\/wp-json\/wp\/v2\/media?parent=168468"}],"wp:term":[{"taxonomy":"category","embeddable":true,"href":"https:\/\/www.caririemacao.com\/1\/wp-json\/wp\/v2\/categories?post=168468"},{"taxonomy":"post_tag","embeddable":true,"href":"https:\/\/www.caririemacao.com\/1\/wp-json\/wp\/v2\/tags?post=168468"}],"curies":[{"name":"wp","href":"https:\/\/api.w.org\/{rel}","templated":true}]}}