{"id":168484,"date":"2020-05-09T12:02:26","date_gmt":"2020-05-09T15:02:26","guid":{"rendered":"https:\/\/www.caririemacao.com\/1\/?p=168484"},"modified":"2020-05-09T12:02:26","modified_gmt":"2020-05-09T15:02:26","slug":"respiradores-da-china-comprados-pelo-governo-do-para-nao-funcionam-cada-aparelho-custou-r126-mil","status":"publish","type":"post","link":"https:\/\/www.caririemacao.com\/1\/2020\/05\/09\/respiradores-da-china-comprados-pelo-governo-do-para-nao-funcionam-cada-aparelho-custou-r126-mil\/","title":{"rendered":"Respiradores da China comprados pelo governo do Par\u00e1 n\u00e3o funcionam; cada aparelho custou R$126 mil"},"content":{"rendered":"\n<h1 class=\"wp-block-heading\"><\/h1>\n\n\n\n<p>Os 152 respiradores comprados da China pelo governo do Par\u00e1 para tratamento de pacientes com Covid-19 apresentaram falhas durante processo de instala\u00e7\u00e3o e ainda n\u00e3o puderam ser usados, afirmou o pr\u00f3prio governo estadual. Sobre o custo de cada respirador, R$ 126 mil, o Estado afirmou que os recursos n\u00e3o ser\u00e3o perdidos.<\/p>\n\n\n\n<p>Os equipamentos chegaram na segunda-feira (4), junto com 1.580 bombas de infus\u00e3o, que permitiriam a instala\u00e7\u00e3o de novos leitos de Unidade de Terapia Intensiva (UTI) para Covid-19 e foram enviados para hospitais de Bel\u00e9m, Santar\u00e9m, Marab\u00e1, Breves e Capanema.<\/p>\n\n\n\n<p><strong>Sespa disse que equipamentos funcionavam&nbsp; &nbsp; &nbsp; &nbsp; &nbsp; &nbsp; &nbsp; &nbsp; &nbsp; &nbsp; &nbsp; &nbsp; &nbsp; &nbsp; &nbsp; &nbsp; &nbsp; &nbsp; &nbsp; &nbsp;<\/strong><\/p>\n\n\n\n<p>Desde a \u00faltima quarta, o G1 est\u00e1 questionando o governo sobre um v\u00eddeo que circula pelas redes sociais mostrando um suposto profissional da sa\u00fade em um hospital do estado, apontando as falhas. Somente nesta sexta, o governo se posicionou.<\/p>\n\n\n\n<p>No dia em que foi questionada pela reportagem, o perfil da Secretaria de Sa\u00fade P\u00fablica (Sespa) publicou um v\u00eddeo em uma rede social, mostrando os aparelhos &#8220;em &#8220;pleno funcionamento&#8221;. A publica\u00e7\u00e3o foi deletada.<\/p>\n\n\n\n<figure class=\"wp-block-image\"><img decoding=\"async\" data-src=\"https:\/\/www.clickpb.com.br\/media\/filer_public\/d7\/72\/d772e77a-6053-4154-819c-058ae76414b8\/respiradores.jpg\" alt=\"\" src=\"data:image\/svg+xml;base64,PHN2ZyB3aWR0aD0iMSIgaGVpZ2h0PSIxIiB4bWxucz0iaHR0cDovL3d3dy53My5vcmcvMjAwMC9zdmciPjwvc3ZnPg==\" class=\"lazyload\" \/><\/figure>\n\n\n\n<p>A nota do governo diz que as dificuldades tamb\u00e9m ocorreram por outros compradores e que o governo est\u00e1 &#8220;em contato direto com os fabricantes, que prometem san\u00e1-los em car\u00e1ter de urg\u00eancia&#8221;. Ainda segundo o documento oficial, os fabricantes assumiram que v\u00e3o resolver os problemas e adequar os equipamentos aos par\u00e2metros nacionais.<\/p>\n\n\n\n<p><strong>Compra&nbsp; &nbsp; &nbsp; &nbsp; &nbsp; &nbsp; &nbsp; &nbsp; &nbsp; &nbsp; &nbsp; &nbsp; &nbsp;<\/strong><\/p>\n\n\n\n<p>No total, foram comprados 400 respiradores que, somados, custaram R$ 50,4 milh\u00f5es, al\u00e9m de 400 monitores multiparam\u00e9tricos, 400 ox\u00edmetros de pulso e 1600 bombas de infus\u00e3o, totalizando R$ 100 milh\u00f5es em investimentos, segundo o governo.<\/p>\n\n\n\n<p>Segundo o governo, 80 respiradores foram destinados para o Hospital de Campanha de Bel\u00e9m e 30 para o Hospital Galileu, todos em Bel\u00e9m. Dez respiradores v\u00e3o para o Hospital de Campanha de Santar\u00e9m; 10 para o Hospital de Campanha de Marab\u00e1; 5 para o Hospital de Campanha de Breves e 4 para o Hospital de Capanema.<\/p>\n\n\n\n<p>Cerca de 556 bombas de infus\u00e3o acompanham os respiradores. Todos come\u00e7aram a ser enviados na segunda.<\/p>\n\n\n\n<p>Nessa primeira leva, o governo recebeu cerca de 152 respiradores e 1.580 bombas de infus\u00e3o que seriam instalados em novos leitos de UTI. Outros equipamentos devem sair da China ainda esta semana rumo a Bel\u00e9m, totalizando a compra de 400 kits de UTI, segundo o governo.<\/p>\n","protected":false},"excerpt":{"rendered":"<p>Os 152 respiradores comprados da China pelo governo do Par\u00e1 para tratamento de pacientes com Covid-19 apresentaram falhas durante processo de instala\u00e7\u00e3o e ainda n\u00e3o&hellip; <\/p>\n","protected":false},"author":2,"featured_media":168485,"comment_status":"closed","ping_status":"closed","sticky":false,"template":"","format":"standard","meta":{"sfsi_plus_gutenberg_text_before_share":"","sfsi_plus_gutenberg_show_text_before_share":"","sfsi_plus_gutenberg_icon_type":"","sfsi_plus_gutenberg_icon_alignemt":"","sfsi_plus_gutenburg_max_per_row":"","footnotes":""},"categories":[2],"tags":[],"class_list":["post-168484","post","type-post","status-publish","format-standard","has-post-thumbnail","hentry","category-geral"],"_links":{"self":[{"href":"https:\/\/www.caririemacao.com\/1\/wp-json\/wp\/v2\/posts\/168484","targetHints":{"allow":["GET"]}}],"collection":[{"href":"https:\/\/www.caririemacao.com\/1\/wp-json\/wp\/v2\/posts"}],"about":[{"href":"https:\/\/www.caririemacao.com\/1\/wp-json\/wp\/v2\/types\/post"}],"author":[{"embeddable":true,"href":"https:\/\/www.caririemacao.com\/1\/wp-json\/wp\/v2\/users\/2"}],"replies":[{"embeddable":true,"href":"https:\/\/www.caririemacao.com\/1\/wp-json\/wp\/v2\/comments?post=168484"}],"version-history":[{"count":1,"href":"https:\/\/www.caririemacao.com\/1\/wp-json\/wp\/v2\/posts\/168484\/revisions"}],"predecessor-version":[{"id":168486,"href":"https:\/\/www.caririemacao.com\/1\/wp-json\/wp\/v2\/posts\/168484\/revisions\/168486"}],"wp:featuredmedia":[{"embeddable":true,"href":"https:\/\/www.caririemacao.com\/1\/wp-json\/wp\/v2\/media\/168485"}],"wp:attachment":[{"href":"https:\/\/www.caririemacao.com\/1\/wp-json\/wp\/v2\/media?parent=168484"}],"wp:term":[{"taxonomy":"category","embeddable":true,"href":"https:\/\/www.caririemacao.com\/1\/wp-json\/wp\/v2\/categories?post=168484"},{"taxonomy":"post_tag","embeddable":true,"href":"https:\/\/www.caririemacao.com\/1\/wp-json\/wp\/v2\/tags?post=168484"}],"curies":[{"name":"wp","href":"https:\/\/api.w.org\/{rel}","templated":true}]}}