{"id":168488,"date":"2020-05-09T12:07:33","date_gmt":"2020-05-09T15:07:33","guid":{"rendered":"https:\/\/www.caririemacao.com\/1\/?p=168488"},"modified":"2020-05-09T12:07:33","modified_gmt":"2020-05-09T15:07:33","slug":"covid-19-criancas-merecem-cuidados-especiais-durante-a-pandemia","status":"publish","type":"post","link":"https:\/\/www.caririemacao.com\/1\/2020\/05\/09\/covid-19-criancas-merecem-cuidados-especiais-durante-a-pandemia\/","title":{"rendered":"Covid-19: crian\u00e7as merecem cuidados especiais durante a pandemia"},"content":{"rendered":"\n<h2 class=\"wp-block-heading\"><\/h2>\n\n\n\n<p>As orienta\u00e7\u00f5es para evitar o cont\u00e1gio pelo novo coronav\u00edrus v\u00eam sendo repetidas em diversos locais por autoridades e nos meios de comunica\u00e7\u00e3o. Mas as d\u00favidas sempre surgem. Uma delas refere-se a medidas e cuidados espec\u00edficos que devem ser adotados para crian\u00e7as. Apesar de ser a faixa et\u00e1ria com menor incid\u00eancia, j\u00e1 h\u00e1 casos confirmados e mortes desse segmento da popula\u00e7\u00e3o.<\/p>\n\n\n\n<p>Al\u00e9m disso, por terem maior \u00edndice de manifesta\u00e7\u00f5es assintom\u00e1ticas, crian\u00e7as podem ser vetores de transmiss\u00e3o para p\u00fablicos mais suscet\u00edveis de contamina\u00e7\u00e3o e evolu\u00e7\u00e3o do quadro de sa\u00fade da covid-19. Assim, os cuidados com essa faixa servem tanto para proteger essas pessoas quanto os que est\u00e3o ao seu redor.<\/p>\n\n\n\n<p>Uma&nbsp;<a href=\"https:\/\/www.saude.gov.br\/images\/pdf\/2020\/April\/06\/Cartilha--Crian--as-Coronavirus.pdf\" target=\"_blank\" rel=\"noreferrer noopener\">cartilha do Minist\u00e9rio da Sa\u00fade<\/a>&nbsp;recomenda que pais expliquem \u00e0s crian\u00e7as o que est\u00e1 ocorrendo com a pandemia, a seriedade da situa\u00e7\u00e3o e o que \u00e9 o coronav\u00edrus. O di\u00e1logo \u00e9 importante para lidar com sentimentos como inseguran\u00e7a e medo, decorrentes das mudan\u00e7as que surgem neste novo momento.<\/p>\n\n\n\n<p>Nesse papel educativo, acrescenta o documento, os pais devem apresentar aos filhos as medidas necess\u00e1rias para a sua prote\u00e7\u00e3o e de quem est\u00e1 pr\u00f3ximo, como familiares, especialmente os que integram os chamados grupos de risco.<\/p>\n\n\n\n<p>O documento tem linguagem adaptada para crian\u00e7as e adolescentes e pode servir como material informativo, a ser disponibilizado pelos pais a seus filhos e familiares. Ele traz conte\u00fados sobre o coronav\u00edrus e aborda formas de preven\u00e7\u00e3o, mostrando d\u00favida comuns sobre higieniza\u00e7\u00e3o e significados de termos que ganharam visibilidade, como nomes das autoridades de sa\u00fade, pandemia e sintomas.<\/p>\n\n\n\n<p>De acordo com a Sociedade Brasileira de Pediatria, n\u00e3o h\u00e1 evid\u00eancias, at\u00e9 o momento, de transmiss\u00e3o pelo leite materno. Nos raros casos de rec\u00e9m-nascidos com covid-19 n\u00e3o h\u00e1 evid\u00eancia de transmiss\u00e3o vertical (da m\u00e3e para o filho). Por isso, a entidade afirma que \u00e9 desnecess\u00e1rio alterar essa pr\u00e1tica entre m\u00e3es e filhos.<\/p>\n\n\n\n<h2 class=\"wp-block-heading\">Crian\u00e7as infectadas<\/h2>\n\n\n\n<p>Segundo a coordenadora do Servi\u00e7o de Epidemiologia e Controle de Infec\u00e7\u00e3o Hospitalar do Centro de Imuniza\u00e7\u00f5es do Hospital Pequeno Pr\u00edncipe, no Paran\u00e1, Helo\u00edsa Giamberardino, para o caso de crian\u00e7as acometidas da doen\u00e7a \u00e9 importante ficar em ambiente arejado, n\u00e3o receber visitas e evitar contato com pessoas mais velhas.<\/p>\n\n\n\n<p>A especialista destaca que \u00e9 importante lidar com as caracter\u00edsticas dessa idade. \u201cA crian\u00e7a n\u00e3o tem no\u00e7\u00e3o de higiene como um adulto pode&nbsp;ter, por isso \u00e9 importante n\u00e3o expor outras pessoas ao contato com ela\u201d, alerta Giamberardino.<\/p>\n\n\n\n<p>Quem estiver junto da crian\u00e7a deve estar sempre com m\u00e1scara de prote\u00e7\u00e3o. Ap\u00f3s banho ou troca de fralda, \u00e9 fundamental fazer a higiene das m\u00e3os, al\u00e9m de lavar len\u00e7\u00f3is e roupas da crian\u00e7a separadamente. \u201c\u00c9 bem importante limpar com \u00e1lcool as superf\u00edcies do quarto e dos locais que a crian\u00e7a usa&#8221;, recomenda a m\u00e9dica.<\/p>\n\n\n\n<h2 class=\"wp-block-heading\">Profissionais<\/h2>\n\n\n\n<p>A Sociedade Brasileira de Pediatria, em outro&nbsp;<a href=\"https:\/\/www.sbp.com.br\/fileadmin\/user_upload\/22426b-Infectologia_-_NAlerta_-_Medidas_p_Pediatra_relacionadas_COVID-19.pdf\" target=\"_blank\" rel=\"noreferrer noopener\">comunicado sobre o tema<\/a>&nbsp;divulgado no dia&nbsp;31 de mar\u00e7o, traz uma s\u00e9rie de recomenda\u00e7\u00f5es para m\u00e9dicos. O documento orienta que os profissionais reforcem as medidas de higiene e a import\u00e2ncia da quarentena.<\/p>\n\n\n\n<p>Os fluxos em ambulat\u00f3rios e cl\u00ednicas devem ser reorganizados, com hor\u00e1rios marcados, para evitar presen\u00e7a em salas de espera. Assim como outras especialidades, \u00e9 poss\u00edvel e recomend\u00e1vel recorrer ao uso de tecnologias, como a telemedicina. Quando o profissional apresentar sintomas, deve buscar atendimento m\u00e9dico e diagn\u00f3stico para confirmar ou n\u00e3o a contamina\u00e7\u00e3o pelo v\u00edrus.<\/p>\n\n\n\n<h2 class=\"wp-block-heading\">Outras doen\u00e7as<\/h2>\n\n\n\n<p>A SBP tamb\u00e9m alerta que \u00e9 importante manter o cuidado com outras doen\u00e7as, especialmente as s\u00edndromes gripais nestes meses de outono e inverno. Isso envolve fazer a vacina\u00e7\u00e3o e manter a imuniza\u00e7\u00e3o contra outros v\u00edrus em dia.<\/p>\n","protected":false},"excerpt":{"rendered":"<p>As orienta\u00e7\u00f5es para evitar o cont\u00e1gio pelo novo coronav\u00edrus v\u00eam sendo repetidas em diversos locais por autoridades e nos meios de comunica\u00e7\u00e3o. Mas as d\u00favidas&hellip; <\/p>\n","protected":false},"author":2,"featured_media":168489,"comment_status":"closed","ping_status":"closed","sticky":false,"template":"","format":"standard","meta":{"sfsi_plus_gutenberg_text_before_share":"","sfsi_plus_gutenberg_show_text_before_share":"","sfsi_plus_gutenberg_icon_type":"","sfsi_plus_gutenberg_icon_alignemt":"","sfsi_plus_gutenburg_max_per_row":"","footnotes":""},"categories":[50,2],"tags":[],"class_list":["post-168488","post","type-post","status-publish","format-standard","has-post-thumbnail","hentry","category-destaque","category-geral"],"_links":{"self":[{"href":"https:\/\/www.caririemacao.com\/1\/wp-json\/wp\/v2\/posts\/168488","targetHints":{"allow":["GET"]}}],"collection":[{"href":"https:\/\/www.caririemacao.com\/1\/wp-json\/wp\/v2\/posts"}],"about":[{"href":"https:\/\/www.caririemacao.com\/1\/wp-json\/wp\/v2\/types\/post"}],"author":[{"embeddable":true,"href":"https:\/\/www.caririemacao.com\/1\/wp-json\/wp\/v2\/users\/2"}],"replies":[{"embeddable":true,"href":"https:\/\/www.caririemacao.com\/1\/wp-json\/wp\/v2\/comments?post=168488"}],"version-history":[{"count":1,"href":"https:\/\/www.caririemacao.com\/1\/wp-json\/wp\/v2\/posts\/168488\/revisions"}],"predecessor-version":[{"id":168490,"href":"https:\/\/www.caririemacao.com\/1\/wp-json\/wp\/v2\/posts\/168488\/revisions\/168490"}],"wp:featuredmedia":[{"embeddable":true,"href":"https:\/\/www.caririemacao.com\/1\/wp-json\/wp\/v2\/media\/168489"}],"wp:attachment":[{"href":"https:\/\/www.caririemacao.com\/1\/wp-json\/wp\/v2\/media?parent=168488"}],"wp:term":[{"taxonomy":"category","embeddable":true,"href":"https:\/\/www.caririemacao.com\/1\/wp-json\/wp\/v2\/categories?post=168488"},{"taxonomy":"post_tag","embeddable":true,"href":"https:\/\/www.caririemacao.com\/1\/wp-json\/wp\/v2\/tags?post=168488"}],"curies":[{"name":"wp","href":"https:\/\/api.w.org\/{rel}","templated":true}]}}