{"id":168494,"date":"2020-05-09T12:29:55","date_gmt":"2020-05-09T15:29:55","guid":{"rendered":"https:\/\/www.caririemacao.com\/1\/?p=168494"},"modified":"2020-05-09T12:29:55","modified_gmt":"2020-05-09T15:29:55","slug":"policia-militar-recupera-moto-e-prende-assaltante-no-cariri-paraibano","status":"publish","type":"post","link":"https:\/\/www.caririemacao.com\/1\/2020\/05\/09\/policia-militar-recupera-moto-e-prende-assaltante-no-cariri-paraibano\/","title":{"rendered":"Pol\u00edcia Militar recupera moto e prende assaltante no Cariri Paraibano"},"content":{"rendered":"\n<h1 class=\"wp-block-heading\"><\/h1>\n\n\n\n<p><\/p>\n\n\n\n<hr class=\"wp-block-separator\"\/>\n\n\n\n<p>Em a\u00e7\u00e3o r\u00e1pida, a Pol\u00edcia Militar recuperou uma moto que havia sido roubada na noite desta sexta-feira (08), na cidade de Camala\u00fa.<\/p>\n\n\n\n<p>A moto Fan 125 foi roubada por um elemento, que tamb\u00e9m foi preso em flagrante delito pelos policiais, e encaminhado para 14\u00aa DSPC de Monteiro.<\/p>\n","protected":false},"excerpt":{"rendered":"<p>Em a\u00e7\u00e3o r\u00e1pida, a Pol\u00edcia Militar recuperou uma moto que havia sido roubada na noite desta sexta-feira (08), na cidade de Camala\u00fa. A moto Fan&hellip; <\/p>\n","protected":false},"author":2,"featured_media":164670,"comment_status":"closed","ping_status":"closed","sticky":false,"template":"","format":"standard","meta":{"sfsi_plus_gutenberg_text_before_share":"","sfsi_plus_gutenberg_show_text_before_share":"","sfsi_plus_gutenberg_icon_type":"","sfsi_plus_gutenberg_icon_alignemt":"","sfsi_plus_gutenburg_max_per_row":"","footnotes":""},"categories":[12],"tags":[],"class_list":["post-168494","post","type-post","status-publish","format-standard","has-post-thumbnail","hentry","category-policia"],"_links":{"self":[{"href":"https:\/\/www.caririemacao.com\/1\/wp-json\/wp\/v2\/posts\/168494","targetHints":{"allow":["GET"]}}],"collection":[{"href":"https:\/\/www.caririemacao.com\/1\/wp-json\/wp\/v2\/posts"}],"about":[{"href":"https:\/\/www.caririemacao.com\/1\/wp-json\/wp\/v2\/types\/post"}],"author":[{"embeddable":true,"href":"https:\/\/www.caririemacao.com\/1\/wp-json\/wp\/v2\/users\/2"}],"replies":[{"embeddable":true,"href":"https:\/\/www.caririemacao.com\/1\/wp-json\/wp\/v2\/comments?post=168494"}],"version-history":[{"count":1,"href":"https:\/\/www.caririemacao.com\/1\/wp-json\/wp\/v2\/posts\/168494\/revisions"}],"predecessor-version":[{"id":168495,"href":"https:\/\/www.caririemacao.com\/1\/wp-json\/wp\/v2\/posts\/168494\/revisions\/168495"}],"wp:featuredmedia":[{"embeddable":true,"href":"https:\/\/www.caririemacao.com\/1\/wp-json\/wp\/v2\/media\/164670"}],"wp:attachment":[{"href":"https:\/\/www.caririemacao.com\/1\/wp-json\/wp\/v2\/media?parent=168494"}],"wp:term":[{"taxonomy":"category","embeddable":true,"href":"https:\/\/www.caririemacao.com\/1\/wp-json\/wp\/v2\/categories?post=168494"},{"taxonomy":"post_tag","embeddable":true,"href":"https:\/\/www.caririemacao.com\/1\/wp-json\/wp\/v2\/tags?post=168494"}],"curies":[{"name":"wp","href":"https:\/\/api.w.org\/{rel}","templated":true}]}}