{"id":168497,"date":"2020-05-09T13:12:11","date_gmt":"2020-05-09T16:12:11","guid":{"rendered":"https:\/\/www.caririemacao.com\/1\/?p=168497"},"modified":"2020-05-09T13:12:11","modified_gmt":"2020-05-09T16:12:11","slug":"zabele-iniciada-campanha-contra-a-influenza-em-criancas-de-0-a-6-anos","status":"publish","type":"post","link":"https:\/\/www.caririemacao.com\/1\/2020\/05\/09\/zabele-iniciada-campanha-contra-a-influenza-em-criancas-de-0-a-6-anos\/","title":{"rendered":"Zabel\u00ea: Iniciada campanha contra a influenza em crian\u00e7as de 0 a 6 anos"},"content":{"rendered":"\n<figure class=\"wp-block-image\"><img decoding=\"async\" data-src=\"https:\/\/1.bp.blogspot.com\/-Jb9y6eWqj70\/XraHsCL7oKI\/AAAAAAAApM4\/MSviLFlOjKoB9VBzKecTBardhIkbS3-wQCLcBGAsYHQ\/s280\/96269433_846064492563851_2131354911932153856_n.jpg\" alt=\"\" src=\"data:image\/svg+xml;base64,PHN2ZyB3aWR0aD0iMSIgaGVpZ2h0PSIxIiB4bWxucz0iaHR0cDovL3d3dy53My5vcmcvMjAwMC9zdmciPjwvc3ZnPg==\" class=\"lazyload\" \/><\/figure>\n\n\n\n<p><\/p>\n\n\n\n<p>A Secretaria de Sa\u00fade de Zabel\u00ea, atrav\u00e9s da Coordena\u00e7\u00e3o de Vacina iniciou nesta sexta-feira (08\/05) a campanha contra influenza nas crian\u00e7as (0 a 6 anos) do munic\u00edpio.<\/p>\n\n\n\n<p>Com o objetivo de diminuir as aglomera\u00e7\u00f5es os p\u00fablicos alvos (crian\u00e7as, deficientes, gestantes e pu\u00e9rperas) foram divididos em momentos diferentes.<\/p>\n\n\n\n<p><br>Houve uma busca expressiva da popula\u00e7\u00e3o e foram aplicadas 180 doses neste primeiro dia. Na oportunidade foram distribu\u00eddas m\u00e1scaras e disponibilizado \u00e1lcool gel para devida assepsia das m\u00e3os dos usu\u00e1rios, para tal a Sala de Vacina contou com a colabora\u00e7\u00e3o das Agentes de Sa\u00fade e Assistente Social da equipe, que orientaram as pessoas e organizaram o fluxo na espera.<\/p>\n\n\n\n<p><br><strong>COM ZABELELIGADO<\/strong><\/p>\n","protected":false},"excerpt":{"rendered":"<p>A Secretaria de Sa\u00fade de Zabel\u00ea, atrav\u00e9s da Coordena\u00e7\u00e3o de Vacina iniciou nesta sexta-feira (08\/05) a campanha contra influenza nas crian\u00e7as (0 a 6 anos)&hellip; <\/p>\n","protected":false},"author":2,"featured_media":167293,"comment_status":"closed","ping_status":"closed","sticky":false,"template":"","format":"standard","meta":{"sfsi_plus_gutenberg_text_before_share":"","sfsi_plus_gutenberg_show_text_before_share":"","sfsi_plus_gutenberg_icon_type":"","sfsi_plus_gutenberg_icon_alignemt":"","sfsi_plus_gutenburg_max_per_row":"","footnotes":""},"categories":[6],"tags":[],"class_list":["post-168497","post","type-post","status-publish","format-standard","has-post-thumbnail","hentry","category-cidades"],"_links":{"self":[{"href":"https:\/\/www.caririemacao.com\/1\/wp-json\/wp\/v2\/posts\/168497","targetHints":{"allow":["GET"]}}],"collection":[{"href":"https:\/\/www.caririemacao.com\/1\/wp-json\/wp\/v2\/posts"}],"about":[{"href":"https:\/\/www.caririemacao.com\/1\/wp-json\/wp\/v2\/types\/post"}],"author":[{"embeddable":true,"href":"https:\/\/www.caririemacao.com\/1\/wp-json\/wp\/v2\/users\/2"}],"replies":[{"embeddable":true,"href":"https:\/\/www.caririemacao.com\/1\/wp-json\/wp\/v2\/comments?post=168497"}],"version-history":[{"count":1,"href":"https:\/\/www.caririemacao.com\/1\/wp-json\/wp\/v2\/posts\/168497\/revisions"}],"predecessor-version":[{"id":168498,"href":"https:\/\/www.caririemacao.com\/1\/wp-json\/wp\/v2\/posts\/168497\/revisions\/168498"}],"wp:featuredmedia":[{"embeddable":true,"href":"https:\/\/www.caririemacao.com\/1\/wp-json\/wp\/v2\/media\/167293"}],"wp:attachment":[{"href":"https:\/\/www.caririemacao.com\/1\/wp-json\/wp\/v2\/media?parent=168497"}],"wp:term":[{"taxonomy":"category","embeddable":true,"href":"https:\/\/www.caririemacao.com\/1\/wp-json\/wp\/v2\/categories?post=168497"},{"taxonomy":"post_tag","embeddable":true,"href":"https:\/\/www.caririemacao.com\/1\/wp-json\/wp\/v2\/tags?post=168497"}],"curies":[{"name":"wp","href":"https:\/\/api.w.org\/{rel}","templated":true}]}}