{"id":168509,"date":"2020-05-09T13:45:06","date_gmt":"2020-05-09T16:45:06","guid":{"rendered":"https:\/\/www.caririemacao.com\/1\/?p=168509"},"modified":"2020-05-09T13:45:06","modified_gmt":"2020-05-09T16:45:06","slug":"indice-de-isolamento-chega-a-42-na-primeira-semana-de-maio-na-paraiba","status":"publish","type":"post","link":"https:\/\/www.caririemacao.com\/1\/2020\/05\/09\/indice-de-isolamento-chega-a-42-na-primeira-semana-de-maio-na-paraiba\/","title":{"rendered":"\u00cdndice de isolamento chega a 42% na primeira semana de maio na Para\u00edba"},"content":{"rendered":"\n<h1 class=\"wp-block-heading\"><\/h1>\n\n\n\n<p>O \u00edndice de isolamento social na Para\u00edba apresentou queda entre os primeiros dias de maio. \u00c9 o que revela o levantamento da Secretaria de Sa\u00fade do Estado, divulgado neste s\u00e1bado (9). De acordo com os dados, o \u00edndice fechou em 40% nesta sexta-feira, uma queda de 3% em rela\u00e7\u00e3o aos demais dias que registraram 43%.<\/p>\n\n\n\n<p>Os dados foram revelados pela Secretaria de Estado da Sa\u00fade (SES), na manh\u00e3 deste s\u00e1bado (9), que utiliza o Mapa Brasileiro do Covid-19 como refer\u00eancia.&nbsp; No pa\u00eds, o \u00edndice m\u00e9dio registrado \u00e9 de 40,8%.<\/p>\n\n\n\n<p>O recomendado pelas autoridades sanit\u00e1rias \u00e9 de 70%, o que coloca o Estado em condi\u00e7\u00e3o de baixa ades\u00e3o \u00e0s medidas de isolamento social.&nbsp;<\/p>\n\n\n\n<p>Em rela\u00e7\u00e3o aos bairros com maior \u00edndice de isolamento,&nbsp;Cabo Branco, Tamba\u00fa e Mana\u00edra apresentaram os melhores indicadores de Jo\u00e3o Pessoa, com 64,1%, nos dois primeiros, e 58,9% no terceiro dia de maio.&nbsp;<\/p>\n\n\n\n<p>O monitoramento \u00e9 feito nas&nbsp;fiscaliza\u00e7\u00f5es de&nbsp;agentes da Guarda Municipal, da Semob, da Sedurb, al\u00e9m da Pol\u00edcia Militar e do Corpo de Bombeiros.&nbsp;<\/p>\n\n\n\n<p>\u00cdndice de Isolamento Social na Para\u00edba entre 02 e 08 de Maio<\/p>\n\n\n\n<p>40,3% no dia 08\/05<br>43,48% no dia 07\/05<br>43,43% no dia 06\/05<br>43,01% no dia 05\/05<br>42,43% no dia 04\/05<br>45,97% no dia 03\/05<br>40,04% no dia 02\/05<\/p>\n","protected":false},"excerpt":{"rendered":"<p>O \u00edndice de isolamento social na Para\u00edba apresentou queda entre os primeiros dias de maio. \u00c9 o que revela o levantamento da Secretaria de Sa\u00fade&hellip; <\/p>\n","protected":false},"author":2,"featured_media":168510,"comment_status":"closed","ping_status":"closed","sticky":false,"template":"","format":"standard","meta":{"sfsi_plus_gutenberg_text_before_share":"","sfsi_plus_gutenberg_show_text_before_share":"","sfsi_plus_gutenberg_icon_type":"","sfsi_plus_gutenberg_icon_alignemt":"","sfsi_plus_gutenburg_max_per_row":"","footnotes":""},"categories":[50,2],"tags":[],"class_list":["post-168509","post","type-post","status-publish","format-standard","has-post-thumbnail","hentry","category-destaque","category-geral"],"_links":{"self":[{"href":"https:\/\/www.caririemacao.com\/1\/wp-json\/wp\/v2\/posts\/168509","targetHints":{"allow":["GET"]}}],"collection":[{"href":"https:\/\/www.caririemacao.com\/1\/wp-json\/wp\/v2\/posts"}],"about":[{"href":"https:\/\/www.caririemacao.com\/1\/wp-json\/wp\/v2\/types\/post"}],"author":[{"embeddable":true,"href":"https:\/\/www.caririemacao.com\/1\/wp-json\/wp\/v2\/users\/2"}],"replies":[{"embeddable":true,"href":"https:\/\/www.caririemacao.com\/1\/wp-json\/wp\/v2\/comments?post=168509"}],"version-history":[{"count":1,"href":"https:\/\/www.caririemacao.com\/1\/wp-json\/wp\/v2\/posts\/168509\/revisions"}],"predecessor-version":[{"id":168511,"href":"https:\/\/www.caririemacao.com\/1\/wp-json\/wp\/v2\/posts\/168509\/revisions\/168511"}],"wp:featuredmedia":[{"embeddable":true,"href":"https:\/\/www.caririemacao.com\/1\/wp-json\/wp\/v2\/media\/168510"}],"wp:attachment":[{"href":"https:\/\/www.caririemacao.com\/1\/wp-json\/wp\/v2\/media?parent=168509"}],"wp:term":[{"taxonomy":"category","embeddable":true,"href":"https:\/\/www.caririemacao.com\/1\/wp-json\/wp\/v2\/categories?post=168509"},{"taxonomy":"post_tag","embeddable":true,"href":"https:\/\/www.caririemacao.com\/1\/wp-json\/wp\/v2\/tags?post=168509"}],"curies":[{"name":"wp","href":"https:\/\/api.w.org\/{rel}","templated":true}]}}