{"id":168517,"date":"2020-05-09T13:49:52","date_gmt":"2020-05-09T16:49:52","guid":{"rendered":"https:\/\/www.caririemacao.com\/1\/?p=168517"},"modified":"2020-05-09T13:49:52","modified_gmt":"2020-05-09T16:49:52","slug":"advogados-publicitarios-corretores-e-outros-profissionais-liberais-terao-que-trabalhar-em-regime-home-office-na-capital","status":"publish","type":"post","link":"https:\/\/www.caririemacao.com\/1\/2020\/05\/09\/advogados-publicitarios-corretores-e-outros-profissionais-liberais-terao-que-trabalhar-em-regime-home-office-na-capital\/","title":{"rendered":"Advogados, publicit\u00e1rios, corretores e outros profissionais liberais ter\u00e3o que trabalhar em regime home-office, na Capital"},"content":{"rendered":"\n<h3 class=\"wp-block-heading\"><\/h3>\n\n\n\n<hr class=\"wp-block-separator\"\/>\n\n\n\n<p>O novo decreto municipal assinado pelo prefeito de Jo\u00e3o Pessoa, Luciano Cartaxo, neste s\u00e1bado (9), incluindo medidas mais restritivas de isolamento social para o combate ao coronav\u00edrus, inclui uma faixa et\u00e1ria consider\u00e1vel da popula\u00e7\u00e3o, que s\u00e3o os profissionais liberais.<\/p>\n\n\n\n<p>O decreto, que \u00e9 v\u00e1lido at\u00e9 o dia 18\/05, prev\u00ea, entre outras medidas, que os servi\u00e7os desempenhados por profissionais liberais como arquitetos, advogados, contadores, publicit\u00e1rios e corretores de seguro e de im\u00f3veis sejam desempenhados em regime de home-office.<\/p>\n\n\n\n<p>As medidas entram em vigor na pr\u00f3xima segunda-feira (11). \u201cMesmo com o agravamento da crise, no m\u00eas mais dif\u00edcil para enfrentar a doen\u00e7a, Jo\u00e3o Pessoa segue com a m\u00e9dia de isolamento abaixo dos 50%. O n\u00famero de leitos, em qualquer lugar do mundo, \u00e9 finito. S\u00f3 com as pessoas ficando em casa vamos conseguir atravessar este momento dif\u00edcil\u201d, ponderou o prefeito de Jo\u00e3o Pessoa, Luciano Cartaxo.<\/p>\n","protected":false},"excerpt":{"rendered":"<p>O novo decreto municipal assinado pelo prefeito de Jo\u00e3o Pessoa, Luciano Cartaxo, neste s\u00e1bado (9), incluindo medidas mais restritivas de isolamento social para o combate&hellip; <\/p>\n","protected":false},"author":2,"featured_media":102369,"comment_status":"closed","ping_status":"closed","sticky":false,"template":"","format":"standard","meta":{"sfsi_plus_gutenberg_text_before_share":"","sfsi_plus_gutenberg_show_text_before_share":"","sfsi_plus_gutenberg_icon_type":"","sfsi_plus_gutenberg_icon_alignemt":"","sfsi_plus_gutenburg_max_per_row":"","footnotes":""},"categories":[2],"tags":[],"class_list":["post-168517","post","type-post","status-publish","format-standard","has-post-thumbnail","hentry","category-geral"],"_links":{"self":[{"href":"https:\/\/www.caririemacao.com\/1\/wp-json\/wp\/v2\/posts\/168517","targetHints":{"allow":["GET"]}}],"collection":[{"href":"https:\/\/www.caririemacao.com\/1\/wp-json\/wp\/v2\/posts"}],"about":[{"href":"https:\/\/www.caririemacao.com\/1\/wp-json\/wp\/v2\/types\/post"}],"author":[{"embeddable":true,"href":"https:\/\/www.caririemacao.com\/1\/wp-json\/wp\/v2\/users\/2"}],"replies":[{"embeddable":true,"href":"https:\/\/www.caririemacao.com\/1\/wp-json\/wp\/v2\/comments?post=168517"}],"version-history":[{"count":1,"href":"https:\/\/www.caririemacao.com\/1\/wp-json\/wp\/v2\/posts\/168517\/revisions"}],"predecessor-version":[{"id":168519,"href":"https:\/\/www.caririemacao.com\/1\/wp-json\/wp\/v2\/posts\/168517\/revisions\/168519"}],"wp:featuredmedia":[{"embeddable":true,"href":"https:\/\/www.caririemacao.com\/1\/wp-json\/wp\/v2\/media\/102369"}],"wp:attachment":[{"href":"https:\/\/www.caririemacao.com\/1\/wp-json\/wp\/v2\/media?parent=168517"}],"wp:term":[{"taxonomy":"category","embeddable":true,"href":"https:\/\/www.caririemacao.com\/1\/wp-json\/wp\/v2\/categories?post=168517"},{"taxonomy":"post_tag","embeddable":true,"href":"https:\/\/www.caririemacao.com\/1\/wp-json\/wp\/v2\/tags?post=168517"}],"curies":[{"name":"wp","href":"https:\/\/api.w.org\/{rel}","templated":true}]}}