{"id":168521,"date":"2020-05-09T13:56:06","date_gmt":"2020-05-09T16:56:06","guid":{"rendered":"https:\/\/www.caririemacao.com\/1\/?p=168521"},"modified":"2020-05-09T13:56:06","modified_gmt":"2020-05-09T16:56:06","slug":"mundo-tem-38-milhoes-de-casos-de-covid-19-brasil-e-6o-em-mortes","status":"publish","type":"post","link":"https:\/\/www.caririemacao.com\/1\/2020\/05\/09\/mundo-tem-38-milhoes-de-casos-de-covid-19-brasil-e-6o-em-mortes\/","title":{"rendered":"Mundo tem 3,8 milh\u00f5es de casos de Covid-19; Brasil \u00e9 6\u00ba em mortes"},"content":{"rendered":"\n<h1 class=\"wp-block-heading\"><\/h1>\n\n\n\n<p>O acumulado de casos confirmados de infec\u00e7\u00e3o pelo novo coronav\u00edrus em todo o mundo chegou a 3,8 milh\u00f5es. O balan\u00e7o foi divulgado pela Organiza\u00e7\u00e3o Mundial da Sa\u00fade (OMS)&nbsp;hoje&nbsp;(9), com dados at\u00e9 a manh\u00e3 deste&nbsp;s\u00e1bado (10).<\/p>\n\n\n\n<p>H\u00e1 uma semana eram 3,2 milh\u00f5es de casos, o que representa um aumento de 20%. H\u00e1 um m\u00eas, havia 1,43 milh\u00e3o de casos. Em 30 dias, o acr\u00e9scimo foi de 265%.<\/p>\n\n\n\n<p>As mortes chegaram a 265,8 mil em todo o planeta. H\u00e1 uma semana, eram registrados 230,1 mil \u00f3bitos. Em sete dias, o crescimento foi de 15%. H\u00e1 um m\u00eas, a OMS anunciava 85,7 mil mortes. De l\u00e1 at\u00e9 agora, o \u00edndice mais do que triplicou.<\/p>\n\n\n\n<p>A pandemia est\u00e1 concentrada sobretudo na Europa e nas Am\u00e9ricas. O primeiro continente concentra 1,68 milh\u00e3o de casos confirmados. J\u00e1 a&nbsp;segunda&nbsp;regi\u00e3o re\u00fane 1,63 milh\u00e3o de pessoas infectadas. Em seguida v\u00eam a \u00e1rea definida como Mediterr\u00e2neo, com 246 mil, o Pac\u00edfico do Oeste, com 158 mil, o Sudeste Asi\u00e1tico, com 90,8 mil, e a \u00c1frica, com 40,5 mil.<\/p>\n\n\n\n<p><strong>Brasil<\/strong><\/p>\n\n\n\n<p>O Brasil assumiu a 6\u00aa coloca\u00e7\u00e3o em n\u00famero de mortes, com 9,14 mil. O pa\u00eds s\u00f3 fica atr\u00e1s da Fran\u00e7a (26,18 mil), Espanha (26,25 mil), It\u00e1lia (30,2 mil), Reino Unido (31,24 mil) e Estados Unidos (69,88 mil).<\/p>\n\n\n\n<p>Em rela\u00e7\u00e3o ao n\u00famero de casos confirmados, o Brasil ocupa a 9\u00aa posi\u00e7\u00e3o no&nbsp;<em>ranking<\/em>&nbsp;mundial da OMS, com 135,1 mil. Acima do pa\u00eds est\u00e3o Turquia (135,56 mil), Fran\u00e7a (136,57 mil), Alemanha (168,55 mil), R\u00fassia (198,67 mil), Reino Unido (211,36 mil), It\u00e1lia (217,18 mil), Espanha (222,85 mil) e Estados Unidos (1,24 milh\u00e3o).<\/p>\n","protected":false},"excerpt":{"rendered":"<p>O acumulado de casos confirmados de infec\u00e7\u00e3o pelo novo coronav\u00edrus em todo o mundo chegou a 3,8 milh\u00f5es. O balan\u00e7o foi divulgado pela Organiza\u00e7\u00e3o Mundial&hellip; <\/p>\n","protected":false},"author":2,"featured_media":168522,"comment_status":"closed","ping_status":"closed","sticky":false,"template":"","format":"standard","meta":{"sfsi_plus_gutenberg_text_before_share":"","sfsi_plus_gutenberg_show_text_before_share":"","sfsi_plus_gutenberg_icon_type":"","sfsi_plus_gutenberg_icon_alignemt":"","sfsi_plus_gutenburg_max_per_row":"","footnotes":""},"categories":[2],"tags":[],"class_list":["post-168521","post","type-post","status-publish","format-standard","has-post-thumbnail","hentry","category-geral"],"_links":{"self":[{"href":"https:\/\/www.caririemacao.com\/1\/wp-json\/wp\/v2\/posts\/168521","targetHints":{"allow":["GET"]}}],"collection":[{"href":"https:\/\/www.caririemacao.com\/1\/wp-json\/wp\/v2\/posts"}],"about":[{"href":"https:\/\/www.caririemacao.com\/1\/wp-json\/wp\/v2\/types\/post"}],"author":[{"embeddable":true,"href":"https:\/\/www.caririemacao.com\/1\/wp-json\/wp\/v2\/users\/2"}],"replies":[{"embeddable":true,"href":"https:\/\/www.caririemacao.com\/1\/wp-json\/wp\/v2\/comments?post=168521"}],"version-history":[{"count":1,"href":"https:\/\/www.caririemacao.com\/1\/wp-json\/wp\/v2\/posts\/168521\/revisions"}],"predecessor-version":[{"id":168523,"href":"https:\/\/www.caririemacao.com\/1\/wp-json\/wp\/v2\/posts\/168521\/revisions\/168523"}],"wp:featuredmedia":[{"embeddable":true,"href":"https:\/\/www.caririemacao.com\/1\/wp-json\/wp\/v2\/media\/168522"}],"wp:attachment":[{"href":"https:\/\/www.caririemacao.com\/1\/wp-json\/wp\/v2\/media?parent=168521"}],"wp:term":[{"taxonomy":"category","embeddable":true,"href":"https:\/\/www.caririemacao.com\/1\/wp-json\/wp\/v2\/categories?post=168521"},{"taxonomy":"post_tag","embeddable":true,"href":"https:\/\/www.caririemacao.com\/1\/wp-json\/wp\/v2\/tags?post=168521"}],"curies":[{"name":"wp","href":"https:\/\/api.w.org\/{rel}","templated":true}]}}