{"id":168533,"date":"2020-05-09T14:07:21","date_gmt":"2020-05-09T17:07:21","guid":{"rendered":"https:\/\/www.caririemacao.com\/1\/?p=168533"},"modified":"2020-05-09T14:07:21","modified_gmt":"2020-05-09T17:07:21","slug":"covid-19-tse-autoriza-convencao-partidaria-virtual-nas-eleicoes-2020","status":"publish","type":"post","link":"https:\/\/www.caririemacao.com\/1\/2020\/05\/09\/covid-19-tse-autoriza-convencao-partidaria-virtual-nas-eleicoes-2020\/","title":{"rendered":"COVID-19: TSE autoriza conven\u00e7\u00e3o partid\u00e1ria virtual nas elei\u00e7\u00f5es 2020"},"content":{"rendered":"\n<h2 class=\"wp-block-heading\"><\/h2>\n\n\n\n<p>O Tribunal Superior Eleitoral (TSE) autorizou o uso da plataforma virtual para fins de realiza\u00e7\u00e3o de conven\u00e7\u00e3o partid\u00e1ria para as elei\u00e7\u00f5es 2020, em consulta provocada pelo deputado federal C\u00e9lio Studart (PV-CE). De acordo com o pedido de informa\u00e7\u00e3o, o parlamentar cearense questionou o momento vivido pelo novo coronav\u00edrus em face das elei\u00e7\u00f5es 2020. Na sua fundamenta\u00e7\u00e3o, C\u00e9lio defende que n\u00e3o h\u00e1 veda\u00e7\u00e3o na lei sobre o uso de teleconfer\u00eancia para o processo eleitoral, como tamb\u00e9m levanta o estado de \u201ccalamidade p\u00fablica\u201d decretado pelo Congresso Nacional.<br><br>Em resposta, o TSE aponta que em rela\u00e7\u00e3o ao o primeiro questionamento \u2013 \u201c\u00c9 poss\u00edvel a realiza\u00e7\u00e3o de conven\u00e7\u00f5es partid\u00e1rias por meios eletr\u00f4nicos?\u201d sob o \u00e2ngulo estritamente jur\u00eddico, \u00e9 poss\u00edvel a realiza\u00e7\u00e3o de conven\u00e7\u00f5es partid\u00e1rias por meios virtuais. Quanto ao procedimento a ser adotado para a realiza\u00e7\u00e3o das conven\u00e7\u00f5es partid\u00e1rias virtuais, a assessoria do Tribunal eleitoral destaca que deve seguir pelo rito de um processo administrativo e n\u00e3o pela via de consulta. Em se tratando pelo modo virtual, o TSE ressalta acerca da pertin\u00eancia de tamb\u00e9m se analisar a eventual necessidade de grava\u00e7\u00e3o da conven\u00e7\u00e3o partid\u00e1ria realizada de forma virtual, com a juntada da m\u00eddia respectiva aos autos do DRAP.<br><br>Em contato com o Focus, o advogado eleitoreiro Luciano Dantas disse que \u201cestamos num per\u00edodo de uma pandemia causada pela Covid-19, em que a recomenda\u00e7\u00e3o da Organiza\u00e7\u00e3o Mundial da Sa\u00fade \u00e9 de Isolamento Social. Estamos no ano de 2020, ano de elei\u00e7\u00f5es municipais com primeiro turno marcado para 04 de outubro de 2020 e com o per\u00edodo entre 20 de julho a 5 de agosto, para acontecer as conven\u00e7\u00f5es eleitorais, momento importante em que os partidos v\u00e3o definir seus candidatos e suas coliga\u00e7\u00f5es no \u00e2mbito majorit\u00e1rio\u201d. Dantas finaliza dizendo que \u00e9 salutar a realiza\u00e7\u00e3o de conven\u00e7\u00f5es partid\u00e1rias de maneira virtual, como uma medida de preven\u00e7\u00e3o ao cont\u00e1gio do Covid-19.<\/p>\n","protected":false},"excerpt":{"rendered":"<p>O Tribunal Superior Eleitoral (TSE) autorizou o uso da plataforma virtual para fins de realiza\u00e7\u00e3o de conven\u00e7\u00e3o partid\u00e1ria para as elei\u00e7\u00f5es 2020, em consulta provocada&hellip; <\/p>\n","protected":false},"author":2,"featured_media":168534,"comment_status":"closed","ping_status":"closed","sticky":false,"template":"","format":"standard","meta":{"sfsi_plus_gutenberg_text_before_share":"","sfsi_plus_gutenberg_show_text_before_share":"","sfsi_plus_gutenberg_icon_type":"","sfsi_plus_gutenberg_icon_alignemt":"","sfsi_plus_gutenburg_max_per_row":"","footnotes":""},"categories":[2],"tags":[],"class_list":["post-168533","post","type-post","status-publish","format-standard","has-post-thumbnail","hentry","category-geral"],"_links":{"self":[{"href":"https:\/\/www.caririemacao.com\/1\/wp-json\/wp\/v2\/posts\/168533","targetHints":{"allow":["GET"]}}],"collection":[{"href":"https:\/\/www.caririemacao.com\/1\/wp-json\/wp\/v2\/posts"}],"about":[{"href":"https:\/\/www.caririemacao.com\/1\/wp-json\/wp\/v2\/types\/post"}],"author":[{"embeddable":true,"href":"https:\/\/www.caririemacao.com\/1\/wp-json\/wp\/v2\/users\/2"}],"replies":[{"embeddable":true,"href":"https:\/\/www.caririemacao.com\/1\/wp-json\/wp\/v2\/comments?post=168533"}],"version-history":[{"count":1,"href":"https:\/\/www.caririemacao.com\/1\/wp-json\/wp\/v2\/posts\/168533\/revisions"}],"predecessor-version":[{"id":168535,"href":"https:\/\/www.caririemacao.com\/1\/wp-json\/wp\/v2\/posts\/168533\/revisions\/168535"}],"wp:featuredmedia":[{"embeddable":true,"href":"https:\/\/www.caririemacao.com\/1\/wp-json\/wp\/v2\/media\/168534"}],"wp:attachment":[{"href":"https:\/\/www.caririemacao.com\/1\/wp-json\/wp\/v2\/media?parent=168533"}],"wp:term":[{"taxonomy":"category","embeddable":true,"href":"https:\/\/www.caririemacao.com\/1\/wp-json\/wp\/v2\/categories?post=168533"},{"taxonomy":"post_tag","embeddable":true,"href":"https:\/\/www.caririemacao.com\/1\/wp-json\/wp\/v2\/tags?post=168533"}],"curies":[{"name":"wp","href":"https:\/\/api.w.org\/{rel}","templated":true}]}}