{"id":168537,"date":"2020-05-09T15:19:04","date_gmt":"2020-05-09T18:19:04","guid":{"rendered":"https:\/\/www.caririemacao.com\/1\/?p=168537"},"modified":"2020-05-09T15:19:04","modified_gmt":"2020-05-09T18:19:04","slug":"ex-prefeito-de-camalau-teria-gastado-milhares-de-reais-em-diarias-valores-estariam-na-casa-dos-13-mil-reais-por-ano-aponta-sagres","status":"publish","type":"post","link":"https:\/\/www.caririemacao.com\/1\/2020\/05\/09\/ex-prefeito-de-camalau-teria-gastado-milhares-de-reais-em-diarias-valores-estariam-na-casa-dos-13-mil-reais-por-ano-aponta-sagres\/","title":{"rendered":"Ex prefeito de Camala\u00fa teria gastado milhares de reais em di\u00e1rias. Valores estariam na casa dos 13 mil reais por ano, aponta SAGRES"},"content":{"rendered":"\n<p><\/p>\n\n\n\n<p>Na \u00faltima quinta feira, dia 07, a popula\u00e7\u00e3o de Camala\u00fa tomou ci\u00eancia da exorbitante quantidade de di\u00e1rias recebidas pelo ex-gestor Aristeu Chaves.<\/p>\n\n\n\n<p><br>Segundo informa\u00e7\u00f5es trazidas pelo jornalista Eudo Nicolau em programa de r\u00e1dio, baseadas em dados constantes nos balancetes municipais e portal do Tribunal de Contas do Estado, apenas no ano de 2011 o ex gestor teria recebido um montante de mais de R$ 13.000,00, em di\u00e1rias, destacando-se ainda que o atual prefeito Sandro M\u00f4co, no ano de 2019, recebeu pouco mais de dois mil reais.<\/p>\n\n\n\n<p><br>Estes n\u00fameros nos chamam a aten\u00e7\u00e3o. Al\u00e9m da disparidade de valores, a f\u00e1cil constata\u00e7\u00e3o do local de onde o ex gestor administrava, uma vez que passava grande parte do tempo fora, principalmente na capital do Estado.<\/p>\n\n\n\n<p><br>Em contato com populares, um dos grandes pontos positivos da atual gest\u00e3o \u00e9 a aproxima\u00e7\u00e3o e contato cotidiano entre o prefeito Sandro M\u00f4co e a popula\u00e7\u00e3o.<\/p>\n\n\n\n<p><br>Em consulta aos documentos p\u00fablicos dispon\u00edveis para qualquer cidad\u00e3o que deseje buscar, no sistema SAGRES do Tribunal de Contas do Estado, onde constam as datas e valores das di\u00e1rias pagas, outro fator merece aten\u00e7\u00e3o, pois coincidentemente a maioria s\u00e3o datas em v\u00e9speras de feriados depreendendo-se que o ex gestor sempre estava na capital do Estado n\u00e3o apenas em dias \u00fateis.<\/p>\n\n\n\n<p><br>\u00c9 claramente poss\u00edvel a constata\u00e7\u00e3o de que se pode governar de maneira mais eficiente, gastando menos sobretudo com di\u00e1rias e, principalmente junto a popula\u00e7\u00e3o, onde se pode vislumbrar com mais clareza onde est\u00e3o os problemas e apontar as solu\u00e7\u00f5es.<\/p>\n\n\n\n<p><\/p>\n","protected":false},"excerpt":{"rendered":"<p>Na \u00faltima quinta feira, dia 07, a popula\u00e7\u00e3o de Camala\u00fa tomou ci\u00eancia da exorbitante quantidade de di\u00e1rias recebidas pelo ex-gestor Aristeu Chaves. Segundo informa\u00e7\u00f5es trazidas&hellip; <\/p>\n","protected":false},"author":2,"featured_media":168539,"comment_status":"closed","ping_status":"closed","sticky":false,"template":"","format":"standard","meta":{"sfsi_plus_gutenberg_text_before_share":"","sfsi_plus_gutenberg_show_text_before_share":"","sfsi_plus_gutenberg_icon_type":"","sfsi_plus_gutenberg_icon_alignemt":"","sfsi_plus_gutenburg_max_per_row":"","footnotes":""},"categories":[6],"tags":[],"class_list":["post-168537","post","type-post","status-publish","format-standard","has-post-thumbnail","hentry","category-cidades"],"_links":{"self":[{"href":"https:\/\/www.caririemacao.com\/1\/wp-json\/wp\/v2\/posts\/168537","targetHints":{"allow":["GET"]}}],"collection":[{"href":"https:\/\/www.caririemacao.com\/1\/wp-json\/wp\/v2\/posts"}],"about":[{"href":"https:\/\/www.caririemacao.com\/1\/wp-json\/wp\/v2\/types\/post"}],"author":[{"embeddable":true,"href":"https:\/\/www.caririemacao.com\/1\/wp-json\/wp\/v2\/users\/2"}],"replies":[{"embeddable":true,"href":"https:\/\/www.caririemacao.com\/1\/wp-json\/wp\/v2\/comments?post=168537"}],"version-history":[{"count":2,"href":"https:\/\/www.caririemacao.com\/1\/wp-json\/wp\/v2\/posts\/168537\/revisions"}],"predecessor-version":[{"id":168540,"href":"https:\/\/www.caririemacao.com\/1\/wp-json\/wp\/v2\/posts\/168537\/revisions\/168540"}],"wp:featuredmedia":[{"embeddable":true,"href":"https:\/\/www.caririemacao.com\/1\/wp-json\/wp\/v2\/media\/168539"}],"wp:attachment":[{"href":"https:\/\/www.caririemacao.com\/1\/wp-json\/wp\/v2\/media?parent=168537"}],"wp:term":[{"taxonomy":"category","embeddable":true,"href":"https:\/\/www.caririemacao.com\/1\/wp-json\/wp\/v2\/categories?post=168537"},{"taxonomy":"post_tag","embeddable":true,"href":"https:\/\/www.caririemacao.com\/1\/wp-json\/wp\/v2\/tags?post=168537"}],"curies":[{"name":"wp","href":"https:\/\/api.w.org\/{rel}","templated":true}]}}