{"id":168552,"date":"2020-05-09T23:34:48","date_gmt":"2020-05-10T02:34:48","guid":{"rendered":"https:\/\/www.caririemacao.com\/1\/?p=168552"},"modified":"2020-05-09T23:34:48","modified_gmt":"2020-05-10T02:34:48","slug":"jovem-serrabranquense-sofre-acidente-e-e-transferido-em-estado-grave-para-campina-grande","status":"publish","type":"post","link":"https:\/\/www.caririemacao.com\/1\/2020\/05\/09\/jovem-serrabranquense-sofre-acidente-e-e-transferido-em-estado-grave-para-campina-grande\/","title":{"rendered":"Jovem serrabranquense sofre acidente e \u00e9 transferido em estado grave para Campina Grande"},"content":{"rendered":"\n<p>No in\u00edcio da noite deste s\u00e1bado (09), o jovem Sebasti\u00e3o dos Santos, mais conhecido como Belo, sofreu um grave acidente pilotando sua moto na entrada de Serra Branca.\u00a0<br>O incidente ocorreu pr\u00f3ximo a pousada Itamorotinga.<\/p>\n\n\n\n<p>Segundo informa\u00e7\u00f5es de populares, Belo colidiu com um caminh\u00e3o parado e ficou gravemente ferido. O SAMU foi acionado rapidamente e o socorreu para o Hospital de Serra Branca.<\/p>\n\n\n\n<p>Belo teve afundamento de cr\u00e2nio e foi levado pela USA de Monteiro para o Hospital de Trauma de Campina Grande.<br>As causas do acidente ainda s\u00e3o desconhecidas.<\/p>\n\n\n\n<p><br><strong>De Olho no Cariri<\/strong><\/p>\n","protected":false},"excerpt":{"rendered":"<p>No in\u00edcio da noite deste s\u00e1bado (09), o jovem Sebasti\u00e3o dos Santos, mais conhecido como Belo, sofreu um grave acidente pilotando sua moto na entrada&hellip; <\/p>\n","protected":false},"author":2,"featured_media":168553,"comment_status":"closed","ping_status":"closed","sticky":false,"template":"","format":"standard","meta":{"sfsi_plus_gutenberg_text_before_share":"","sfsi_plus_gutenberg_show_text_before_share":"","sfsi_plus_gutenberg_icon_type":"","sfsi_plus_gutenberg_icon_alignemt":"","sfsi_plus_gutenburg_max_per_row":"","footnotes":""},"categories":[50,12],"tags":[],"class_list":["post-168552","post","type-post","status-publish","format-standard","has-post-thumbnail","hentry","category-destaque","category-policia"],"_links":{"self":[{"href":"https:\/\/www.caririemacao.com\/1\/wp-json\/wp\/v2\/posts\/168552","targetHints":{"allow":["GET"]}}],"collection":[{"href":"https:\/\/www.caririemacao.com\/1\/wp-json\/wp\/v2\/posts"}],"about":[{"href":"https:\/\/www.caririemacao.com\/1\/wp-json\/wp\/v2\/types\/post"}],"author":[{"embeddable":true,"href":"https:\/\/www.caririemacao.com\/1\/wp-json\/wp\/v2\/users\/2"}],"replies":[{"embeddable":true,"href":"https:\/\/www.caririemacao.com\/1\/wp-json\/wp\/v2\/comments?post=168552"}],"version-history":[{"count":1,"href":"https:\/\/www.caririemacao.com\/1\/wp-json\/wp\/v2\/posts\/168552\/revisions"}],"predecessor-version":[{"id":168554,"href":"https:\/\/www.caririemacao.com\/1\/wp-json\/wp\/v2\/posts\/168552\/revisions\/168554"}],"wp:featuredmedia":[{"embeddable":true,"href":"https:\/\/www.caririemacao.com\/1\/wp-json\/wp\/v2\/media\/168553"}],"wp:attachment":[{"href":"https:\/\/www.caririemacao.com\/1\/wp-json\/wp\/v2\/media?parent=168552"}],"wp:term":[{"taxonomy":"category","embeddable":true,"href":"https:\/\/www.caririemacao.com\/1\/wp-json\/wp\/v2\/categories?post=168552"},{"taxonomy":"post_tag","embeddable":true,"href":"https:\/\/www.caririemacao.com\/1\/wp-json\/wp\/v2\/tags?post=168552"}],"curies":[{"name":"wp","href":"https:\/\/api.w.org\/{rel}","templated":true}]}}