{"id":168559,"date":"2020-05-10T09:23:13","date_gmt":"2020-05-10T12:23:13","guid":{"rendered":"https:\/\/www.caririemacao.com\/1\/?p=168559"},"modified":"2020-05-10T09:23:13","modified_gmt":"2020-05-10T12:23:13","slug":"mensagem-do-prefeito-inacio-nobrega-a-todas-as-maes-amparenses","status":"publish","type":"post","link":"https:\/\/www.caririemacao.com\/1\/2020\/05\/10\/mensagem-do-prefeito-inacio-nobrega-a-todas-as-maes-amparenses\/","title":{"rendered":"Mensagem do Prefeito In\u00e1cio N\u00f3brega a todas as m\u00e3es Amparenses"},"content":{"rendered":"\n<p><em>\u201cSer m\u00e3e \u00e9 uma b\u00ean\u00e7\u00e3o de Deus, mas tamb\u00e9m \u00e9 uma grande responsabilidade. Muitas m\u00e3es esquecem isso, mas certamente voc\u00ea sempre teve essa no\u00e7\u00e3o.<br>Deus me formou dentro da sua barriga, e entregou a minha vida para que voc\u00ea pudesse cuidar dela da melhor maneira poss\u00edvel. Todos os dias, voc\u00ea tem feito isso mesmo. Querida m\u00e3e, voc\u00ea n\u00e3o \u00e9 perfeita, mas mesmo com as suas falhas e defeitos, a tua instru\u00e7\u00e3o e o teu carinho fazem com que hoje eu seja uma pessoa melhor.<\/em><\/p>\n\n\n\n<p><em>Feliz dia das m\u00e3es para todas as m\u00e3es Amparenses!\u201d<\/em><br>In\u00e1cio N\u00f3brega, Prefeito<\/p>\n","protected":false},"excerpt":{"rendered":"<p>\u201cSer m\u00e3e \u00e9 uma b\u00ean\u00e7\u00e3o de Deus, mas tamb\u00e9m \u00e9 uma grande responsabilidade. Muitas m\u00e3es esquecem isso, mas certamente voc\u00ea sempre teve essa no\u00e7\u00e3o.Deus me&hellip; <\/p>\n","protected":false},"author":1,"featured_media":168560,"comment_status":"closed","ping_status":"closed","sticky":false,"template":"","format":"standard","meta":{"sfsi_plus_gutenberg_text_before_share":"","sfsi_plus_gutenberg_show_text_before_share":"","sfsi_plus_gutenberg_icon_type":"","sfsi_plus_gutenberg_icon_alignemt":"","sfsi_plus_gutenburg_max_per_row":"","footnotes":""},"categories":[6,50],"tags":[],"class_list":["post-168559","post","type-post","status-publish","format-standard","has-post-thumbnail","hentry","category-cidades","category-destaque"],"_links":{"self":[{"href":"https:\/\/www.caririemacao.com\/1\/wp-json\/wp\/v2\/posts\/168559","targetHints":{"allow":["GET"]}}],"collection":[{"href":"https:\/\/www.caririemacao.com\/1\/wp-json\/wp\/v2\/posts"}],"about":[{"href":"https:\/\/www.caririemacao.com\/1\/wp-json\/wp\/v2\/types\/post"}],"author":[{"embeddable":true,"href":"https:\/\/www.caririemacao.com\/1\/wp-json\/wp\/v2\/users\/1"}],"replies":[{"embeddable":true,"href":"https:\/\/www.caririemacao.com\/1\/wp-json\/wp\/v2\/comments?post=168559"}],"version-history":[{"count":1,"href":"https:\/\/www.caririemacao.com\/1\/wp-json\/wp\/v2\/posts\/168559\/revisions"}],"predecessor-version":[{"id":168561,"href":"https:\/\/www.caririemacao.com\/1\/wp-json\/wp\/v2\/posts\/168559\/revisions\/168561"}],"wp:featuredmedia":[{"embeddable":true,"href":"https:\/\/www.caririemacao.com\/1\/wp-json\/wp\/v2\/media\/168560"}],"wp:attachment":[{"href":"https:\/\/www.caririemacao.com\/1\/wp-json\/wp\/v2\/media?parent=168559"}],"wp:term":[{"taxonomy":"category","embeddable":true,"href":"https:\/\/www.caririemacao.com\/1\/wp-json\/wp\/v2\/categories?post=168559"},{"taxonomy":"post_tag","embeddable":true,"href":"https:\/\/www.caririemacao.com\/1\/wp-json\/wp\/v2\/tags?post=168559"}],"curies":[{"name":"wp","href":"https:\/\/api.w.org\/{rel}","templated":true}]}}