{"id":168562,"date":"2020-05-10T09:26:53","date_gmt":"2020-05-10T12:26:53","guid":{"rendered":"https:\/\/www.caririemacao.com\/1\/?p=168562"},"modified":"2020-05-10T09:26:53","modified_gmt":"2020-05-10T12:26:53","slug":"mensagem-do-prefeito-silvano-a-todas-as-maes-caraubenses","status":"publish","type":"post","link":"https:\/\/www.caririemacao.com\/1\/2020\/05\/10\/mensagem-do-prefeito-silvano-a-todas-as-maes-caraubenses\/","title":{"rendered":"Mensagem do prefeito Silvano a todas as m\u00e3es caraubenses"},"content":{"rendered":"\n<p>Hoje \u00e9 o dia de agradecer aos c\u00e9us pelas nossas m\u00e3es. Que o dia de todas voc\u00eas seja repleto de sorrisos, encantos e muita felicidade.<\/p>\n\n\n\n<p>Que a f\u00e9 esteja presente e que possam passar o dia ao lado da fam\u00edlia, aproveitando todo o amor e carinho que merecem.<\/p>\n\n\n\n<p>As m\u00e3es s\u00e3o criaturas aben\u00e7oadas por Deus e por isso merecem muitas homenagens neste dia especial.<\/p>\n\n\n\n<p>Parab\u00e9ns a todas as mam\u00e3es que desempenham essa fun\u00e7\u00e3o com muita dedica\u00e7\u00e3o. Voc\u00eas merecem todo o amor do mundo! <\/p>\n\n\n\n<p>Homenagem do prefeito Silvano Dudu a todas as m\u00e3es caraubenses!<\/p>\n","protected":false},"excerpt":{"rendered":"<p>Hoje \u00e9 o dia de agradecer aos c\u00e9us pelas nossas m\u00e3es. Que o dia de todas voc\u00eas seja repleto de sorrisos, encantos e muita felicidade.&hellip; <\/p>\n","protected":false},"author":1,"featured_media":168563,"comment_status":"closed","ping_status":"closed","sticky":false,"template":"","format":"standard","meta":{"sfsi_plus_gutenberg_text_before_share":"","sfsi_plus_gutenberg_show_text_before_share":"","sfsi_plus_gutenberg_icon_type":"","sfsi_plus_gutenberg_icon_alignemt":"","sfsi_plus_gutenburg_max_per_row":"","footnotes":""},"categories":[6,50],"tags":[],"class_list":["post-168562","post","type-post","status-publish","format-standard","has-post-thumbnail","hentry","category-cidades","category-destaque"],"_links":{"self":[{"href":"https:\/\/www.caririemacao.com\/1\/wp-json\/wp\/v2\/posts\/168562","targetHints":{"allow":["GET"]}}],"collection":[{"href":"https:\/\/www.caririemacao.com\/1\/wp-json\/wp\/v2\/posts"}],"about":[{"href":"https:\/\/www.caririemacao.com\/1\/wp-json\/wp\/v2\/types\/post"}],"author":[{"embeddable":true,"href":"https:\/\/www.caririemacao.com\/1\/wp-json\/wp\/v2\/users\/1"}],"replies":[{"embeddable":true,"href":"https:\/\/www.caririemacao.com\/1\/wp-json\/wp\/v2\/comments?post=168562"}],"version-history":[{"count":1,"href":"https:\/\/www.caririemacao.com\/1\/wp-json\/wp\/v2\/posts\/168562\/revisions"}],"predecessor-version":[{"id":168564,"href":"https:\/\/www.caririemacao.com\/1\/wp-json\/wp\/v2\/posts\/168562\/revisions\/168564"}],"wp:featuredmedia":[{"embeddable":true,"href":"https:\/\/www.caririemacao.com\/1\/wp-json\/wp\/v2\/media\/168563"}],"wp:attachment":[{"href":"https:\/\/www.caririemacao.com\/1\/wp-json\/wp\/v2\/media?parent=168562"}],"wp:term":[{"taxonomy":"category","embeddable":true,"href":"https:\/\/www.caririemacao.com\/1\/wp-json\/wp\/v2\/categories?post=168562"},{"taxonomy":"post_tag","embeddable":true,"href":"https:\/\/www.caririemacao.com\/1\/wp-json\/wp\/v2\/tags?post=168562"}],"curies":[{"name":"wp","href":"https:\/\/api.w.org\/{rel}","templated":true}]}}