{"id":168565,"date":"2020-05-10T10:28:43","date_gmt":"2020-05-10T13:28:43","guid":{"rendered":"https:\/\/www.caririemacao.com\/1\/?p=168565"},"modified":"2020-05-11T07:19:29","modified_gmt":"2020-05-11T10:19:29","slug":"mensagem-do-presidente-da-camara-de-congo-lenilson-bezerra-em-homenagem-ao-as-maes-congoenses","status":"publish","type":"post","link":"https:\/\/www.caririemacao.com\/1\/2020\/05\/10\/mensagem-do-presidente-da-camara-de-congo-lenilson-bezerra-em-homenagem-ao-as-maes-congoenses\/","title":{"rendered":"Mensagem do presidente da C\u00e2mara de Congo, Lenilson Bezerra, em homenagem as m\u00e3es congoenses"},"content":{"rendered":"\n<p>Celebrar o Dia das M\u00e3es \u00e9 reconhecer a import\u00e2ncia das mulheres que doam suas vidas, com afeto, supera\u00e7\u00e3o e for\u00e7a, para que seus filhos e filhas cres\u00e7am com dignidade.<\/p>\n\n\n\n<p>Nesta data especial, queremos prestar nossas homenagens \u00e0s m\u00e3es congoenses.<\/p>\n\n\n\n<p>S\u00e3o trajet\u00f3rias de luta, de m\u00e3es que enfrentam a \u00e1rdua miss\u00e3o de cuidar e educar. S\u00e3o exemplos que nos inspiraram a fazer da nossa terra um lugar melhor para o crescimento das nossas crian\u00e7as e para o cuidado com essas m\u00e3es guerreiras.<\/p>\n\n\n\n<p>Feliz Dia das M\u00e3es!<\/p>\n\n\n\n<p>Lenilson Bezerra- Vereador Presidente<a rel=\"noreferrer noopener\" href=\"https:\/\/www.youtube.com\/watch?v=mAfxWDstw-E\" target=\"_blank\"><\/a><\/p>\n","protected":false},"excerpt":{"rendered":"<p>Celebrar o Dia das M\u00e3es \u00e9 reconhecer a import\u00e2ncia das mulheres que doam suas vidas, com afeto, supera\u00e7\u00e3o e for\u00e7a, para que seus filhos e&hellip; <\/p>\n","protected":false},"author":1,"featured_media":168572,"comment_status":"closed","ping_status":"closed","sticky":false,"template":"","format":"standard","meta":{"sfsi_plus_gutenberg_text_before_share":"","sfsi_plus_gutenberg_show_text_before_share":"","sfsi_plus_gutenberg_icon_type":"","sfsi_plus_gutenberg_icon_alignemt":"","sfsi_plus_gutenburg_max_per_row":"","footnotes":""},"categories":[50,2],"tags":[],"class_list":["post-168565","post","type-post","status-publish","format-standard","has-post-thumbnail","hentry","category-destaque","category-geral"],"_links":{"self":[{"href":"https:\/\/www.caririemacao.com\/1\/wp-json\/wp\/v2\/posts\/168565","targetHints":{"allow":["GET"]}}],"collection":[{"href":"https:\/\/www.caririemacao.com\/1\/wp-json\/wp\/v2\/posts"}],"about":[{"href":"https:\/\/www.caririemacao.com\/1\/wp-json\/wp\/v2\/types\/post"}],"author":[{"embeddable":true,"href":"https:\/\/www.caririemacao.com\/1\/wp-json\/wp\/v2\/users\/1"}],"replies":[{"embeddable":true,"href":"https:\/\/www.caririemacao.com\/1\/wp-json\/wp\/v2\/comments?post=168565"}],"version-history":[{"count":3,"href":"https:\/\/www.caririemacao.com\/1\/wp-json\/wp\/v2\/posts\/168565\/revisions"}],"predecessor-version":[{"id":168674,"href":"https:\/\/www.caririemacao.com\/1\/wp-json\/wp\/v2\/posts\/168565\/revisions\/168674"}],"wp:featuredmedia":[{"embeddable":true,"href":"https:\/\/www.caririemacao.com\/1\/wp-json\/wp\/v2\/media\/168572"}],"wp:attachment":[{"href":"https:\/\/www.caririemacao.com\/1\/wp-json\/wp\/v2\/media?parent=168565"}],"wp:term":[{"taxonomy":"category","embeddable":true,"href":"https:\/\/www.caririemacao.com\/1\/wp-json\/wp\/v2\/categories?post=168565"},{"taxonomy":"post_tag","embeddable":true,"href":"https:\/\/www.caririemacao.com\/1\/wp-json\/wp\/v2\/tags?post=168565"}],"curies":[{"name":"wp","href":"https:\/\/api.w.org\/{rel}","templated":true}]}}