{"id":168574,"date":"2020-05-10T10:38:15","date_gmt":"2020-05-10T13:38:15","guid":{"rendered":"https:\/\/www.caririemacao.com\/1\/?p=168574"},"modified":"2020-05-10T10:44:02","modified_gmt":"2020-05-10T13:44:02","slug":"homenagem-do-prefeito-jefferson-roberto-a-todas-as-maes-cordeirenses","status":"publish","type":"post","link":"https:\/\/www.caririemacao.com\/1\/2020\/05\/10\/homenagem-do-prefeito-jefferson-roberto-a-todas-as-maes-cordeirenses\/","title":{"rendered":"Homenagem do prefeito Jefferson Roberto a todas as m\u00e3es cordeirenses"},"content":{"rendered":"\n<p>O dia das m\u00e3es \u00e9 uma das datas em que a gente compartilha muito sentimento por quem cuidou tanto da gente. <\/p>\n\n\n\n<p>Mesmo \u00e0 dist\u00e2ncia, compartilhe esse amor atrav\u00e9s de mensagens de cuidado, carinho e tranquilidade.<\/p>\n\n\n\n<p>Parab\u00e9ns a todas as m\u00e3es de S\u00e3o Jos\u00e9 dos Cordeiros!<\/p>\n\n\n\n<p>Homenagem do Prefeito&nbsp;Jefferson Roberto<\/p>\n","protected":false},"excerpt":{"rendered":"<p>O dia das m\u00e3es \u00e9 uma das datas em que a gente compartilha muito sentimento por quem cuidou tanto da gente. Mesmo \u00e0 dist\u00e2ncia, compartilhe&hellip; <\/p>\n","protected":false},"author":1,"featured_media":168575,"comment_status":"closed","ping_status":"closed","sticky":false,"template":"","format":"standard","meta":{"sfsi_plus_gutenberg_text_before_share":"","sfsi_plus_gutenberg_show_text_before_share":"","sfsi_plus_gutenberg_icon_type":"","sfsi_plus_gutenberg_icon_alignemt":"","sfsi_plus_gutenburg_max_per_row":"","footnotes":""},"categories":[50,2],"tags":[],"class_list":["post-168574","post","type-post","status-publish","format-standard","has-post-thumbnail","hentry","category-destaque","category-geral"],"_links":{"self":[{"href":"https:\/\/www.caririemacao.com\/1\/wp-json\/wp\/v2\/posts\/168574","targetHints":{"allow":["GET"]}}],"collection":[{"href":"https:\/\/www.caririemacao.com\/1\/wp-json\/wp\/v2\/posts"}],"about":[{"href":"https:\/\/www.caririemacao.com\/1\/wp-json\/wp\/v2\/types\/post"}],"author":[{"embeddable":true,"href":"https:\/\/www.caririemacao.com\/1\/wp-json\/wp\/v2\/users\/1"}],"replies":[{"embeddable":true,"href":"https:\/\/www.caririemacao.com\/1\/wp-json\/wp\/v2\/comments?post=168574"}],"version-history":[{"count":2,"href":"https:\/\/www.caririemacao.com\/1\/wp-json\/wp\/v2\/posts\/168574\/revisions"}],"predecessor-version":[{"id":168577,"href":"https:\/\/www.caririemacao.com\/1\/wp-json\/wp\/v2\/posts\/168574\/revisions\/168577"}],"wp:featuredmedia":[{"embeddable":true,"href":"https:\/\/www.caririemacao.com\/1\/wp-json\/wp\/v2\/media\/168575"}],"wp:attachment":[{"href":"https:\/\/www.caririemacao.com\/1\/wp-json\/wp\/v2\/media?parent=168574"}],"wp:term":[{"taxonomy":"category","embeddable":true,"href":"https:\/\/www.caririemacao.com\/1\/wp-json\/wp\/v2\/categories?post=168574"},{"taxonomy":"post_tag","embeddable":true,"href":"https:\/\/www.caririemacao.com\/1\/wp-json\/wp\/v2\/tags?post=168574"}],"curies":[{"name":"wp","href":"https:\/\/api.w.org\/{rel}","templated":true}]}}