{"id":168579,"date":"2020-05-10T11:43:38","date_gmt":"2020-05-10T14:43:38","guid":{"rendered":"https:\/\/www.caririemacao.com\/1\/?p=168579"},"modified":"2020-05-10T11:43:38","modified_gmt":"2020-05-10T14:43:38","slug":"dia-das-maes-presidente-da-camara-de-caraubas-parabeniza-todas-as-maes-pelo-seu-dia","status":"publish","type":"post","link":"https:\/\/www.caririemacao.com\/1\/2020\/05\/10\/dia-das-maes-presidente-da-camara-de-caraubas-parabeniza-todas-as-maes-pelo-seu-dia\/","title":{"rendered":"Dia das M\u00e3es: Presidente da C\u00e2mara de Cara\u00fabas parabeniza todas as m\u00e3es pelo seu dia"},"content":{"rendered":"\n<p>Neste dia 10 de maio, dia em que se comemora o \u201cDia das M\u00e3es\u201d, o vereador e presidente da C\u00e2mara Municipal de Cara\u00fabas, Jos\u00e9 Franconero, expressa todo o seu carinho e gratid\u00e3o a cada m\u00e3e caraubense.<\/p>\n\n\n\n<p>\u201cPara todas as minhas amigas que um dia aceitaram a nobre miss\u00e3o que \u00e9 ser M\u00e3e: um Feliz Dia das M\u00e3es! Para todas sem exce\u00e7\u00e3o, com sincero amor e muita alegria, desejo um feliz dia. Que possam ser homenageadas como merecem, n\u00e3o apenas nesta data, mas durante todo o ano, por toda a vida. Ser m\u00e3e traz recompensas maravilhosas, muito amor e um la\u00e7o que nada pode quebrar.<\/p>\n\n\n\n<p>Neste dia especial, por meio das mam\u00e3es que trabalham nesta Casa de Leis, a C\u00e2mara Municipal de Cara\u00fabas parabeniza a todas as m\u00e3es de nossa cidade. Feliz dia das M\u00e3es! Uma homenagem do vereador e presidente Jos\u00e9 Franconero.<\/p>\n","protected":false},"excerpt":{"rendered":"<p>Neste dia 10 de maio, dia em que se comemora o \u201cDia das M\u00e3es\u201d, o vereador e presidente da C\u00e2mara Municipal de Cara\u00fabas, Jos\u00e9 Franconero,&hellip; <\/p>\n","protected":false},"author":1,"featured_media":168581,"comment_status":"closed","ping_status":"closed","sticky":false,"template":"","format":"standard","meta":{"sfsi_plus_gutenberg_text_before_share":"","sfsi_plus_gutenberg_show_text_before_share":"","sfsi_plus_gutenberg_icon_type":"","sfsi_plus_gutenberg_icon_alignemt":"","sfsi_plus_gutenburg_max_per_row":"","footnotes":""},"categories":[1],"tags":[],"class_list":["post-168579","post","type-post","status-publish","format-standard","has-post-thumbnail","hentry","category-o-site"],"_links":{"self":[{"href":"https:\/\/www.caririemacao.com\/1\/wp-json\/wp\/v2\/posts\/168579","targetHints":{"allow":["GET"]}}],"collection":[{"href":"https:\/\/www.caririemacao.com\/1\/wp-json\/wp\/v2\/posts"}],"about":[{"href":"https:\/\/www.caririemacao.com\/1\/wp-json\/wp\/v2\/types\/post"}],"author":[{"embeddable":true,"href":"https:\/\/www.caririemacao.com\/1\/wp-json\/wp\/v2\/users\/1"}],"replies":[{"embeddable":true,"href":"https:\/\/www.caririemacao.com\/1\/wp-json\/wp\/v2\/comments?post=168579"}],"version-history":[{"count":1,"href":"https:\/\/www.caririemacao.com\/1\/wp-json\/wp\/v2\/posts\/168579\/revisions"}],"predecessor-version":[{"id":168582,"href":"https:\/\/www.caririemacao.com\/1\/wp-json\/wp\/v2\/posts\/168579\/revisions\/168582"}],"wp:featuredmedia":[{"embeddable":true,"href":"https:\/\/www.caririemacao.com\/1\/wp-json\/wp\/v2\/media\/168581"}],"wp:attachment":[{"href":"https:\/\/www.caririemacao.com\/1\/wp-json\/wp\/v2\/media?parent=168579"}],"wp:term":[{"taxonomy":"category","embeddable":true,"href":"https:\/\/www.caririemacao.com\/1\/wp-json\/wp\/v2\/categories?post=168579"},{"taxonomy":"post_tag","embeddable":true,"href":"https:\/\/www.caririemacao.com\/1\/wp-json\/wp\/v2\/tags?post=168579"}],"curies":[{"name":"wp","href":"https:\/\/api.w.org\/{rel}","templated":true}]}}