{"id":168583,"date":"2020-05-10T11:47:46","date_gmt":"2020-05-10T14:47:46","guid":{"rendered":"https:\/\/www.caririemacao.com\/1\/?p=168583"},"modified":"2020-05-10T11:47:46","modified_gmt":"2020-05-10T14:47:46","slug":"prefeita-anna-lorena-emite-mensagem-em-homenagem-ao-dia-das-maes","status":"publish","type":"post","link":"https:\/\/www.caririemacao.com\/1\/2020\/05\/10\/prefeita-anna-lorena-emite-mensagem-em-homenagem-ao-dia-das-maes\/","title":{"rendered":"Prefeita Anna Lorena emite mensagem em homenagem ao dia das m\u00e3es"},"content":{"rendered":"\n<p>Devido a pandemia em que o pa\u00eds se encontra e zelando pela sa\u00fade das m\u00e3es do munic\u00edpio, a prefeita de Monteiro decidiu neste ano de 2020, realizar uma homenagem de forma simb\u00f3lica com a entrega de kits de higieniza\u00e7\u00e3o.<\/p>\n\n\n\n<p>A grande e tradicional festa do Dia das M\u00e3es teve que ser cancelada pra que n\u00e3o houvesse aglomera\u00e7\u00e3o. \u201cFoi com o cora\u00e7\u00e3o pequenininho que decidimos abrir m\u00e3o da comemora\u00e7\u00e3o do dia das m\u00e3es, mas, com o cora\u00e7\u00e3o enorme, pensamos primeiramente na sa\u00fade delas\u201d, contou a prefeita Anna Lorena.<\/p>\n\n\n\n<p>Durante toda a semana, equipes da Secretaria de Desenvolvimento Social percorreram as ruas da cidade realizando a homenagem. \u201cRecebi o presente na porta da minha casa e achei lindo o gesto da prefeita. Fiquei muito grata e emocionada\u201d, conta a monteirense Leda Santos.<\/p>\n\n\n\n<p>Neste domingo, 10, pela manh\u00e3 a prefeita emitiu uma nota com uma mensagem dedicada \u00e0s mam\u00e3es monteirenses, confira:\u201cM\u00e3e \u00e9 uma palavra t\u00e3o pequena, mas de signific\u00e2ncia enorme. Nessa mulher cabe a for\u00e7a para enfrentar uma gravidez, que nem sempre s\u00e3o tranq\u00fcilas, for\u00e7a para trazer-nos ao mundo e muito mais for\u00e7a para nos ensinar o que \u00e9 a vida. Este \u00e9 mais um ano que tenho a honra de comemorar junto a todas as monteirenses como mam\u00e3e e descubro a cada dia os desafios de realizar um papel de boa m\u00e3e, e neste mesmo ano descobrimos que temos que ter uma grande for\u00e7a para \u2018ficar longe\u2019 de quem amamos devido a quarentena e distanciamento social.<\/p>\n\n\n\n<p>Neste ano de 2020 descobrimos um amor ainda maior, uma dedica\u00e7\u00e3o maior, para resguardar a quem tanto amamos.<\/p>\n\n\n\n<p>Desejo a todas as mam\u00e3es muita sa\u00fade, paz e externamos mais uma vez nosso amor dizendo \u2018fique em casa\u2019, tudo vai ficar bem, e Deus nos permitir\u00e1 em 2021 comemorar este dia com todos os abra\u00e7os e beijos intermin\u00e1veis, bem juntos com toda a fam\u00edlia.<\/p>\n\n\n\n<p>Feliz dia das m\u00e3es para todas as m\u00e3es vitoriosas do mundo e em especial as mam\u00e3es monteirenses! Porque n\u00e3o existe d\u00e1diva maior do que ser m\u00e3e!\u201d<\/p>\n","protected":false},"excerpt":{"rendered":"<p>Devido a pandemia em que o pa\u00eds se encontra e zelando pela sa\u00fade das m\u00e3es do munic\u00edpio, a prefeita de Monteiro decidiu neste ano de&hellip; <\/p>\n","protected":false},"author":1,"featured_media":168584,"comment_status":"closed","ping_status":"closed","sticky":false,"template":"","format":"standard","meta":{"sfsi_plus_gutenberg_text_before_share":"","sfsi_plus_gutenberg_show_text_before_share":"","sfsi_plus_gutenberg_icon_type":"","sfsi_plus_gutenberg_icon_alignemt":"","sfsi_plus_gutenburg_max_per_row":"","footnotes":""},"categories":[6,50],"tags":[],"class_list":["post-168583","post","type-post","status-publish","format-standard","has-post-thumbnail","hentry","category-cidades","category-destaque"],"_links":{"self":[{"href":"https:\/\/www.caririemacao.com\/1\/wp-json\/wp\/v2\/posts\/168583","targetHints":{"allow":["GET"]}}],"collection":[{"href":"https:\/\/www.caririemacao.com\/1\/wp-json\/wp\/v2\/posts"}],"about":[{"href":"https:\/\/www.caririemacao.com\/1\/wp-json\/wp\/v2\/types\/post"}],"author":[{"embeddable":true,"href":"https:\/\/www.caririemacao.com\/1\/wp-json\/wp\/v2\/users\/1"}],"replies":[{"embeddable":true,"href":"https:\/\/www.caririemacao.com\/1\/wp-json\/wp\/v2\/comments?post=168583"}],"version-history":[{"count":1,"href":"https:\/\/www.caririemacao.com\/1\/wp-json\/wp\/v2\/posts\/168583\/revisions"}],"predecessor-version":[{"id":168585,"href":"https:\/\/www.caririemacao.com\/1\/wp-json\/wp\/v2\/posts\/168583\/revisions\/168585"}],"wp:featuredmedia":[{"embeddable":true,"href":"https:\/\/www.caririemacao.com\/1\/wp-json\/wp\/v2\/media\/168584"}],"wp:attachment":[{"href":"https:\/\/www.caririemacao.com\/1\/wp-json\/wp\/v2\/media?parent=168583"}],"wp:term":[{"taxonomy":"category","embeddable":true,"href":"https:\/\/www.caririemacao.com\/1\/wp-json\/wp\/v2\/categories?post=168583"},{"taxonomy":"post_tag","embeddable":true,"href":"https:\/\/www.caririemacao.com\/1\/wp-json\/wp\/v2\/tags?post=168583"}],"curies":[{"name":"wp","href":"https:\/\/api.w.org\/{rel}","templated":true}]}}