{"id":168590,"date":"2020-05-10T12:31:19","date_gmt":"2020-05-10T15:31:19","guid":{"rendered":"https:\/\/www.caririemacao.com\/1\/?p=168590"},"modified":"2020-05-10T12:31:19","modified_gmt":"2020-05-10T15:31:19","slug":"mensagem-do-prefeito-junior-nobrega-ao-dia-das-maes","status":"publish","type":"post","link":"https:\/\/www.caririemacao.com\/1\/2020\/05\/10\/mensagem-do-prefeito-junior-nobrega-ao-dia-das-maes\/","title":{"rendered":"Mensagem do prefeito J\u00fanior N\u00f3brega ao Dia das M\u00e3es"},"content":{"rendered":"\n<p>O prefeito de Prata, J\u00fanior N\u00f3brega emitiu mensagem em homenagem ao Dia das M\u00e3es.<\/p>\n\n\n\n<p><em>\u201cHoje se comemora uma data especial. Talvez a mais importante das datas: o dia das M\u00e3es. Neste momento, devemos nos lembrar daquelas que nos criaram, e que com muita luta e dedica\u00e7\u00e3o, se sacrificam diariamente por amor aos seus filhos.&nbsp;<\/em><\/p>\n\n\n\n<p><em>As m\u00e3es s\u00e3o a figura mais importante na nossa vida. Al\u00e9m de gerar, ela alimenta, acolhe, assiste, protege e, se preciso for, d\u00e1 a vida pelos seus filhos. \u00c9 por elas que \u00e9 formado nosso car\u00e1ter, e por meio delas somos educados a avan\u00e7ar e motivados a enfrentar nossos desafios com amor e dedica\u00e7\u00e3o.&nbsp;Ser m\u00e3e \u00e9 sentir o universo todo em forma de um filho, \u00e9 ter a maior de todas as for\u00e7as quando assim for necess\u00e1rio. Ou, como diria os homens inspirados da literatura: \u201cSer m\u00e3e \u00e9 padecer no para\u00edso\u201d. Ser m\u00e3e \u00e9 um dom, \u00e9 a manifesta\u00e7\u00e3o do verdadeiro amor de Deus encarnado numa mulher.<\/em><\/p>\n\n\n\n<p><em>Neste Dia das M\u00e3es compartilhe voc\u00ea tamb\u00e9m, seu carinho e seu amor, com a pessoa mais importante da sua vida. Diga para ela a viva voz: \u201cM\u00e3e, eu te amo!\u201d. Se voc\u00ea n\u00e3o tem m\u00e3e, ore por todas as m\u00e3es. Fa\u00e7a uma prece especial, com pensamento voltado para o Dia das M\u00e3es, pois esta \u00e9 uma data que deve ser comemorada hoje e sempre.<\/em><\/p>\n\n\n\n<p><em>Parab\u00e9ns a todas as m\u00e3es pratenses!<\/em><\/p>\n\n\n\n<p>Uma homenagem do&nbsp;prefeito J\u00fanior N\u00f3brega<\/p>\n","protected":false},"excerpt":{"rendered":"<p>O prefeito de Prata, J\u00fanior N\u00f3brega emitiu mensagem em homenagem ao Dia das M\u00e3es. \u201cHoje se comemora uma data especial. Talvez a mais importante das&hellip; <\/p>\n","protected":false},"author":1,"featured_media":168592,"comment_status":"closed","ping_status":"closed","sticky":false,"template":"","format":"standard","meta":{"sfsi_plus_gutenberg_text_before_share":"","sfsi_plus_gutenberg_show_text_before_share":"","sfsi_plus_gutenberg_icon_type":"","sfsi_plus_gutenberg_icon_alignemt":"","sfsi_plus_gutenburg_max_per_row":"","footnotes":""},"categories":[50,2],"tags":[],"class_list":["post-168590","post","type-post","status-publish","format-standard","has-post-thumbnail","hentry","category-destaque","category-geral"],"_links":{"self":[{"href":"https:\/\/www.caririemacao.com\/1\/wp-json\/wp\/v2\/posts\/168590","targetHints":{"allow":["GET"]}}],"collection":[{"href":"https:\/\/www.caririemacao.com\/1\/wp-json\/wp\/v2\/posts"}],"about":[{"href":"https:\/\/www.caririemacao.com\/1\/wp-json\/wp\/v2\/types\/post"}],"author":[{"embeddable":true,"href":"https:\/\/www.caririemacao.com\/1\/wp-json\/wp\/v2\/users\/1"}],"replies":[{"embeddable":true,"href":"https:\/\/www.caririemacao.com\/1\/wp-json\/wp\/v2\/comments?post=168590"}],"version-history":[{"count":1,"href":"https:\/\/www.caririemacao.com\/1\/wp-json\/wp\/v2\/posts\/168590\/revisions"}],"predecessor-version":[{"id":168593,"href":"https:\/\/www.caririemacao.com\/1\/wp-json\/wp\/v2\/posts\/168590\/revisions\/168593"}],"wp:featuredmedia":[{"embeddable":true,"href":"https:\/\/www.caririemacao.com\/1\/wp-json\/wp\/v2\/media\/168592"}],"wp:attachment":[{"href":"https:\/\/www.caririemacao.com\/1\/wp-json\/wp\/v2\/media?parent=168590"}],"wp:term":[{"taxonomy":"category","embeddable":true,"href":"https:\/\/www.caririemacao.com\/1\/wp-json\/wp\/v2\/categories?post=168590"},{"taxonomy":"post_tag","embeddable":true,"href":"https:\/\/www.caririemacao.com\/1\/wp-json\/wp\/v2\/tags?post=168590"}],"curies":[{"name":"wp","href":"https:\/\/api.w.org\/{rel}","templated":true}]}}