{"id":168604,"date":"2020-05-10T19:38:31","date_gmt":"2020-05-10T22:38:31","guid":{"rendered":"https:\/\/www.caririemacao.com\/1\/?p=168604"},"modified":"2020-05-11T02:03:55","modified_gmt":"2020-05-11T05:03:55","slug":"acidente-grave-deixa-vitimas-gravemente-feridas-em-sume","status":"publish","type":"post","link":"https:\/\/www.caririemacao.com\/1\/2020\/05\/10\/acidente-grave-deixa-vitimas-gravemente-feridas-em-sume\/","title":{"rendered":"Acidente grave deixa v\u00edtimas gravemente feridas em Sum\u00e9"},"content":{"rendered":"\n<p>Um grave acidente na BR 412, na cidade de Sum\u00e9, precisamente na ponte na sa\u00edda para Monteiro, envolvendo um carro que colidiu em uma bicicleta e uma moto. O condutor do carro n\u00e3o prestou socorro e fugiu do local.<\/p>\n\n\n\n<p>Segundo informa\u00e7\u00f5es, as v\u00edtimas foram encaminhadas para o hospital de Sum\u00e9. Na moto estavam dois jovens, um teve algumas escoria\u00e7\u00f5es. Um dos jovens que estava na moto, Islan Rafael Galdino (23 anos) morador do bairro de V\u00e1rzea Redonda foi transferido para Campina Grande. Islan estava em estado grave.<\/p>\n\n\n\n<p>A ciclista \u00e9 Jana\u00edna Vilar e teve algumas escoria\u00e7\u00f5es e passa bem. <\/p>\n","protected":false},"excerpt":{"rendered":"<p>Um grave acidente na BR 412, na cidade de Sum\u00e9, precisamente na ponte na sa\u00edda para Monteiro, envolvendo um carro que colidiu em uma bicicleta&hellip; <\/p>\n","protected":false},"author":2,"featured_media":168610,"comment_status":"closed","ping_status":"closed","sticky":false,"template":"","format":"standard","meta":{"sfsi_plus_gutenberg_text_before_share":"","sfsi_plus_gutenberg_show_text_before_share":"","sfsi_plus_gutenberg_icon_type":"","sfsi_plus_gutenberg_icon_alignemt":"","sfsi_plus_gutenburg_max_per_row":"","footnotes":""},"categories":[50,12],"tags":[],"class_list":["post-168604","post","type-post","status-publish","format-standard","has-post-thumbnail","hentry","category-destaque","category-policia"],"_links":{"self":[{"href":"https:\/\/www.caririemacao.com\/1\/wp-json\/wp\/v2\/posts\/168604","targetHints":{"allow":["GET"]}}],"collection":[{"href":"https:\/\/www.caririemacao.com\/1\/wp-json\/wp\/v2\/posts"}],"about":[{"href":"https:\/\/www.caririemacao.com\/1\/wp-json\/wp\/v2\/types\/post"}],"author":[{"embeddable":true,"href":"https:\/\/www.caririemacao.com\/1\/wp-json\/wp\/v2\/users\/2"}],"replies":[{"embeddable":true,"href":"https:\/\/www.caririemacao.com\/1\/wp-json\/wp\/v2\/comments?post=168604"}],"version-history":[{"count":2,"href":"https:\/\/www.caririemacao.com\/1\/wp-json\/wp\/v2\/posts\/168604\/revisions"}],"predecessor-version":[{"id":168611,"href":"https:\/\/www.caririemacao.com\/1\/wp-json\/wp\/v2\/posts\/168604\/revisions\/168611"}],"wp:featuredmedia":[{"embeddable":true,"href":"https:\/\/www.caririemacao.com\/1\/wp-json\/wp\/v2\/media\/168610"}],"wp:attachment":[{"href":"https:\/\/www.caririemacao.com\/1\/wp-json\/wp\/v2\/media?parent=168604"}],"wp:term":[{"taxonomy":"category","embeddable":true,"href":"https:\/\/www.caririemacao.com\/1\/wp-json\/wp\/v2\/categories?post=168604"},{"taxonomy":"post_tag","embeddable":true,"href":"https:\/\/www.caririemacao.com\/1\/wp-json\/wp\/v2\/tags?post=168604"}],"curies":[{"name":"wp","href":"https:\/\/api.w.org\/{rel}","templated":true}]}}