{"id":168617,"date":"2020-05-11T06:28:00","date_gmt":"2020-05-11T09:28:00","guid":{"rendered":"https:\/\/www.caririemacao.com\/1\/?p=168617"},"modified":"2020-05-11T06:28:00","modified_gmt":"2020-05-11T09:28:00","slug":"ex-governador-wilson-braga-tem-piora-em-quadro-clinico-e-esta-entubado-na-uti-do-hnsn","status":"publish","type":"post","link":"https:\/\/www.caririemacao.com\/1\/2020\/05\/11\/ex-governador-wilson-braga-tem-piora-em-quadro-clinico-e-esta-entubado-na-uti-do-hnsn\/","title":{"rendered":"Ex-governador Wilson Braga tem piora em quadro cl\u00ednico e est\u00e1 entubado na UTI do HNSN"},"content":{"rendered":"\n<h3 class=\"wp-block-heading\"><\/h3>\n\n\n\n<hr class=\"wp-block-separator\"\/>\n\n\n\n<p>O ex-governador da Para\u00edba,&nbsp;<a href=\"https:\/\/wscom.com.br\/sergipe-61\/\"><strong>Wilson Braga<\/strong><\/a>, teve uma piora em seu quadro cl\u00ednico, neste domingo (10), e precisou ser entubado na Unidade de Tratamento Intensivo (UTI) do Hospital Nossa Senhora das Neves (HSNS), em Jo\u00e3o Pessoa, onde est\u00e1 internado devido a complica\u00e7\u00f5es relacionadas \u00e0 suspeita de infec\u00e7\u00e3o pela Covid-19, doen\u00e7a provocada pelo novo coronav\u00edrus.<\/p>\n\n\n\n<p>A informa\u00e7\u00e3o foi confirmada pelo ex-prefeito de Boa Ventura, F\u00e1bio Arruda, amigo particular do ex-governador. \u201cDoutor Wilson Braga precisou ser entubado por redu\u00e7\u00e3o da respira\u00e7\u00e3o natural, mas n\u00e3o procede a informa\u00e7\u00e3o que ele faleceu\u201d, afirmou ao Portal WSCOM.<\/p>\n\n\n\n<p>Braga&nbsp;foi internado junto com sua esposa L\u00facia Braga, no \u00faltimo dia 1\u00ba de maio.&nbsp;<a href=\"https:\/\/wscom.com.br\/morre-em-joao-pessoa-a-ex-deputada-lucia-braga\/\"><strong>L\u00facia, que testou positivo para Covid-19, n\u00e3o resistiu a gravidade da doen\u00e7a e morreu na \u00faltima sexta-feira (8)<\/strong><\/a>. J\u00e1 o primeiro exame de Wilson testou negativo para o v\u00edrus, por\u00e9m foi feito uma contra-prova e o resultado ainda n\u00e3o foi divulgado.<\/p>\n\n\n\n<p>L\u00facia foi sepultada no cemit\u00e9rio Parque das Ac\u00e1cias, em Jo\u00e3o Pessoa. Devido a confirma\u00e7\u00e3o da Covid-19, a cerimonia foi reservada, sem a presen\u00e7a de amigos, somente familiares.<a href=\"https:\/\/rfvtgb.xfreehub.com\/worldwide\/foilh-ta-pr?utm_medium=taboola&amp;utm_source=taboola&amp;utm_campaign=ta-xf-foilh-s-mob-bz-safe-msn-03050&amp;utm_term=wscom-wscom&amp;utm_geo=pr\" rel=\"noreferrer noopener\" target=\"_blank\"><\/a><\/p>\n","protected":false},"excerpt":{"rendered":"<p>O ex-governador da Para\u00edba,&nbsp;Wilson Braga, teve uma piora em seu quadro cl\u00ednico, neste domingo (10), e precisou ser entubado na Unidade de Tratamento Intensivo (UTI)&hellip; <\/p>\n","protected":false},"author":2,"featured_media":168618,"comment_status":"closed","ping_status":"closed","sticky":false,"template":"","format":"standard","meta":{"sfsi_plus_gutenberg_text_before_share":"","sfsi_plus_gutenberg_show_text_before_share":"","sfsi_plus_gutenberg_icon_type":"","sfsi_plus_gutenberg_icon_alignemt":"","sfsi_plus_gutenburg_max_per_row":"","footnotes":""},"categories":[50,2],"tags":[],"class_list":["post-168617","post","type-post","status-publish","format-standard","has-post-thumbnail","hentry","category-destaque","category-geral"],"_links":{"self":[{"href":"https:\/\/www.caririemacao.com\/1\/wp-json\/wp\/v2\/posts\/168617","targetHints":{"allow":["GET"]}}],"collection":[{"href":"https:\/\/www.caririemacao.com\/1\/wp-json\/wp\/v2\/posts"}],"about":[{"href":"https:\/\/www.caririemacao.com\/1\/wp-json\/wp\/v2\/types\/post"}],"author":[{"embeddable":true,"href":"https:\/\/www.caririemacao.com\/1\/wp-json\/wp\/v2\/users\/2"}],"replies":[{"embeddable":true,"href":"https:\/\/www.caririemacao.com\/1\/wp-json\/wp\/v2\/comments?post=168617"}],"version-history":[{"count":1,"href":"https:\/\/www.caririemacao.com\/1\/wp-json\/wp\/v2\/posts\/168617\/revisions"}],"predecessor-version":[{"id":168619,"href":"https:\/\/www.caririemacao.com\/1\/wp-json\/wp\/v2\/posts\/168617\/revisions\/168619"}],"wp:featuredmedia":[{"embeddable":true,"href":"https:\/\/www.caririemacao.com\/1\/wp-json\/wp\/v2\/media\/168618"}],"wp:attachment":[{"href":"https:\/\/www.caririemacao.com\/1\/wp-json\/wp\/v2\/media?parent=168617"}],"wp:term":[{"taxonomy":"category","embeddable":true,"href":"https:\/\/www.caririemacao.com\/1\/wp-json\/wp\/v2\/categories?post=168617"},{"taxonomy":"post_tag","embeddable":true,"href":"https:\/\/www.caririemacao.com\/1\/wp-json\/wp\/v2\/tags?post=168617"}],"curies":[{"name":"wp","href":"https:\/\/api.w.org\/{rel}","templated":true}]}}